{"id":26329,"date":"2026-03-06T12:11:36","date_gmt":"2026-03-06T11:11:36","guid":{"rendered":"https:\/\/www.afne.org\/2026\/03\/charla-en-linea-con-jose-ignacio-diaz-carvajal\/"},"modified":"2026-04-13T08:32:24","modified_gmt":"2026-04-13T06:32:24","slug":"charla-en-linea-con-jose-ignacio-diaz-carvajal","status":"publish","type":"post","link":"https:\/\/www.afne.org\/es\/2026\/03\/charla-en-linea-con-jose-ignacio-diaz-carvajal\/","title":{"rendered":"As\u00ed fue&#8230;la charla en l\u00ednea Jos\u00e9 Ignacio D\u00edaz Carvajal"},"content":{"rendered":"\n<div class=\"wp-block-columns is-layout-flex wp-container-core-columns-is-layout-28f84493 wp-block-columns-is-layout-flex\">\n<div class=\"wp-block-column is-layout-flow wp-block-column-is-layout-flow\">\n<p class=\"has-text-align-center\">       <em>\u201cDe los l\u00edmites con rabia\u2026 a los l\u00edmites con calma\u201d<\/em><\/p>\n\n\n\n<p style=\"margin-top:30px;margin-right:30px;margin-bottom:0px;margin-left:30px\">El pasado lunes, m\u00e1s de una veintena de personas tuvimos la suerte de asistir a una charla en l\u00ednea con Jos\u00e9 Ignacio D\u00edaz Carvajal, psicoterapeuta y padre adoptivo que ha ejercido la paternidad en solitario, quien nos regal\u00f3 un espacio profundamente humano, honesto y transformador.<\/p>\n<\/div>\n<\/div>\n\n<div class=\"wp-block-columns is-layout-flex wp-container-core-columns-is-layout-28f84493 wp-block-columns-is-layout-flex\">\n<div class=\"wp-block-column is-layout-flow wp-block-column-is-layout-flow\" style=\"flex-basis:33.33%\">\n<figure class=\"wp-block-gallery has-nested-images columns-default is-cropped wp-block-gallery-1 is-layout-flex wp-block-gallery-is-layout-flex\">\n<figure class=\"wp-block-image size-large\"><img decoding=\"async\" data-id=\"26299\" src=\"https:\/\/www.afne.org\/wp-content\/uploads\/2026\/03\/ignacio-diaz-de-carvajal_charla-1.jpg\" alt=\"\" class=\"wp-image-26299\"\/><\/figure>\n<\/figure>\n\n\n\n<figure class=\"wp-block-image size-large\"><img fetchpriority=\"high\" decoding=\"async\" width=\"1024\" height=\"576\" src=\"https:\/\/www.afne.org\/wp-content\/uploads\/2026\/03\/capcelera-formulari-google-2-3-1024x576.jpg\" alt=\"\" class=\"wp-image-26371\" srcset=\"https:\/\/www.afne.org\/wp-content\/uploads\/2026\/03\/capcelera-formulari-google-2-3-1024x576.jpg 1024w, https:\/\/www.afne.org\/wp-content\/uploads\/2026\/03\/capcelera-formulari-google-2-3-300x169.jpg 300w, https:\/\/www.afne.org\/wp-content\/uploads\/2026\/03\/capcelera-formulari-google-2-3-768x432.jpg 768w, https:\/\/www.afne.org\/wp-content\/uploads\/2026\/03\/capcelera-formulari-google-2-3-1536x864.jpg 1536w, https:\/\/www.afne.org\/wp-content\/uploads\/2026\/03\/capcelera-formulari-google-2-3.jpg 1920w\" sizes=\"(max-width: 1024px) 100vw, 1024px\" \/><\/figure>\n<\/div>\n\n\n\n<div class=\"wp-block-column is-layout-flow wp-block-column-is-layout-flow\" style=\"flex-basis:66.66%\">\n<p style=\"margin-top:0px;margin-right:30px;margin-bottom:0px;margin-left:30px\">A partir de su propia experiencia como padre y como profesional, Jos\u00e9 Ignacio comparti\u00f3 qu\u00e9 es lo que m\u00e1s ha aprendido de su hijo y c\u00f3mo fue, precisamente, \u00e9l quien le mostr\u00f3 el camino para acompa\u00f1arlo. M\u00e1s all\u00e1 de educar, defiende que la vida ya nos educa y que el papel de los padres y madres es, sobre todo, acompa\u00f1ar y amar. <\/p>\n\n\n\n<p class=\"has-text-align-center\"><em>\u00abYo adopt\u00e9 a mi hijo para quererlo, no para pelearme con \u00e9l.\u00bb|<\/em><\/p>\n<\/div>\n<\/div>\n\n<p style=\"margin-top:20px;margin-right:30px;margin-bottom:0px;margin-left:30px\">Con una combinaci\u00f3n muy especial de verdad, humildad, sabidur\u00eda, ternura y una enorme capacidad de conectar con el p\u00fablico, dedic\u00f3 la primera parte de la sesi\u00f3n a explicar su recorrido personal y, al mismo tiempo, a compartir su enfoque de acompa\u00f1amiento a otras familias, basado en su experiencia y conocimiento profesional. Aport\u00f3 reflexiones y herramientas muy interesantes y \u00fatiles, con generosidad y cercan\u00eda <\/p>\n\n<p style=\"margin-top:0px;margin-right:0px;margin-bottom:0px;margin-left:0px;padding-top:20px;padding-right:30px;padding-bottom:20px;padding-left:30px\">Llegado un momento de su camino como padre, Jos\u00e9 Ignacio se dio cuenta de que muchas de sus reacciones iniciales \u2014enfadarse, castigar, querer controlar\u2014 eran un reflejo de lo que \u00e9l mismo hab\u00eda vivido como hijo. Explica que a menudo los padres educamos como hemos sido educados. Eso no funcionaba con su hijo, no era lo que quer\u00eda hacer ni le hac\u00eda sentirse orgulloso como padre; as\u00ed que decidi\u00f3 cambiar su enfoque hacia un acompa\u00f1amiento basado en el amor incondicional.  <\/p>\n\n<p style=\"margin-top:0px;margin-right:0px;margin-bottom:0px;margin-left:0px;padding-top:0px;padding-right:30px;padding-bottom:10px;padding-left:30px\">En un contexto en el que a menudo se habla mucho de poner l\u00edmites, \u00e9l defiende que los l\u00edmites existen, pero que no es necesario castigar ni recompensar. Se trata de transmitir al hijo que el amor no est\u00e1 condicionado a sus acciones: que es incondicional, que el padre siempre estar\u00e1 ah\u00ed. <\/p>\n\n<p style=\"border-style:none;border-width:0px;margin-right:30px;margin-left:30px\">Tal como actuaba antes, provocaba inseguridad en su hijo: miedo a volver a ser abandonado, a no ser suficiente, a no ser querido. Y, en contra de lo que dice el modelo imperante, el cambio ha dado frutos. Su hijo, que ya tiene m\u00e1s de veinte a\u00f1os, contin\u00faa con \u00e9l dentro de esta din\u00e1mica, y \u00e9l mantiene una convicci\u00f3n firme: este es el camino  <\/p>\n\n<p style=\"margin-top:20px;margin-right:30px;margin-bottom:20px;margin-left:30px\">Si el mundo se encarga de transmitir a un ni\u00f1o que no es suficiente, que no es v\u00e1lido para esta sociedad, que es prescindible, las familias tenemos la responsabilidad de hacer todo lo posible por transmitirle lo contrario. Sin seguridad no hay autoestima, y esa seguridad est\u00e1, en gran medida, en nuestras manos: hay que restituirla reconociendo sus sentimientos y mostr\u00e1ndole lo que hace bien, por encima de las dificultades y los errores que pueda cometer. <\/p>\n\n<p style=\"margin-top:20px;margin-right:30px;margin-bottom:20px;margin-left:30px\">Escuchar a Jos\u00e9 Ignacio es un placer. Provoca sonrisas, calma y bienestar. Es un hombre cercano, humilde, tierno y sabio. Puso el acento en acompa\u00f1ar a los hijos con amor, alegr\u00eda y respeto, y defiende que el sentido del humor es una herramienta esencial para afrontar las dificultades.  <\/p>\n\n<p style=\"margin-top:30px;margin-right:30px;margin-bottom:30px;margin-left:30px\">Este es un camino para toda la vida.<\/p>\n\n<p><\/p>\n","protected":false},"excerpt":{"rendered":"<p>El pasado lunes, m\u00e1s de una veintena de personas tuvimos la suerte de asistir a una charla en l\u00ednea con Jos\u00e9 Ignacio D\u00edaz Carvajal, psicoterapeuta y padre adoptivo que ha ejercido la paternidad en solitario, quien nos regal\u00f3 un espacio profundamente humano, honesto y transformador.<\/p>\n","protected":false},"author":3,"featured_media":26372,"comment_status":"closed","ping_status":"closed","sticky":false,"template":"","format":"standard","meta":{"_acf_changed":false,"footnotes":""},"categories":[1021,529,1049],"tags":[1078],"class_list":["post-26329","post","type-post","status-publish","format-standard","has-post-thumbnail","hentry","category-acompanamiento-postadoptivo","category-activitats-2","category-formacion-postadoptiva","tag-joseignaciodiazcarvajal"],"acf":[],"yoast_head":"<!-- This site is optimized with the Yoast SEO plugin v26.4 - https:\/\/yoast.com\/wordpress\/plugins\/seo\/ -->\n<title>As\u00ed fue...la charla en l\u00ednea Jos\u00e9 Ignacio D\u00edaz Carvajal - AFNE<\/title>\n<meta name=\"robots\" content=\"index, follow, max-snippet:-1, max-image-preview:large, max-video-preview:-1\" \/>\n<link rel=\"canonical\" href=\"https:\/\/www.afne.org\/es\/2026\/03\/charla-en-linea-con-jose-ignacio-diaz-carvajal\/\" \/>\n<meta property=\"og:locale\" content=\"es_ES\" \/>\n<meta property=\"og:type\" content=\"article\" \/>\n<meta property=\"og:title\" content=\"As\u00ed fue...la charla en l\u00ednea Jos\u00e9 Ignacio D\u00edaz Carvajal - AFNE\" \/>\n<meta property=\"og:description\" content=\"El pasado lunes, m\u00e1s de una veintena de personas tuvimos la suerte de asistir a una charla en l\u00ednea con Jos\u00e9 Ignacio D\u00edaz Carvajal, psicoterapeuta y padre adoptivo que ha ejercido la paternidad en solitario, quien nos regal\u00f3 un espacio profundamente humano, honesto y transformador.\" \/>\n<meta property=\"og:url\" content=\"https:\/\/www.afne.org\/es\/2026\/03\/charla-en-linea-con-jose-ignacio-diaz-carvajal\/\" \/>\n<meta property=\"og:site_name\" content=\"AFNE\" \/>\n<meta property=\"article:publisher\" content=\"https:\/\/www.facebook.com\/afne.org\" \/>\n<meta property=\"article:published_time\" content=\"2026-03-06T11:11:36+00:00\" \/>\n<meta property=\"article:modified_time\" content=\"2026-04-13T06:32:24+00:00\" \/>\n<meta property=\"og:image\" content=\"https:\/\/www.afne.org\/wp-content\/uploads\/2026\/03\/capcelera-formulari-google-2-3.jpg\" \/>\n\t<meta property=\"og:image:width\" content=\"1920\" \/>\n\t<meta property=\"og:image:height\" content=\"1080\" \/>\n\t<meta property=\"og:image:type\" content=\"image\/jpeg\" \/>\n<meta name=\"author\" content=\"AFNE\" \/>\n<meta name=\"twitter:card\" content=\"summary_large_image\" \/>\n<meta name=\"twitter:label1\" content=\"Escrito por\" \/>\n\t<meta name=\"twitter:data1\" content=\"AFNE\" \/>\n\t<meta name=\"twitter:label2\" content=\"Tiempo de lectura\" \/>\n\t<meta name=\"twitter:data2\" content=\"3 minutos\" \/>\n<script type=\"application\/ld+json\" class=\"yoast-schema-graph\">{\"@context\":\"https:\/\/schema.org\",\"@graph\":[{\"@type\":\"Article\",\"@id\":\"https:\/\/www.afne.org\/es\/2026\/03\/charla-en-linea-con-jose-ignacio-diaz-carvajal\/#article\",\"isPartOf\":{\"@id\":\"https:\/\/www.afne.org\/es\/2026\/03\/charla-en-linea-con-jose-ignacio-diaz-carvajal\/\"},\"author\":{\"name\":\"AFNE\",\"@id\":\"https:\/\/www.afne.org\/es\/#\/schema\/person\/e116023e15e6a7392559dbe3d12e63e4\"},\"headline\":\"As\u00ed fue&#8230;la charla en l\u00ednea Jos\u00e9 Ignacio D\u00edaz Carvajal\",\"datePublished\":\"2026-03-06T11:11:36+00:00\",\"dateModified\":\"2026-04-13T06:32:24+00:00\",\"mainEntityOfPage\":{\"@id\":\"https:\/\/www.afne.org\/es\/2026\/03\/charla-en-linea-con-jose-ignacio-diaz-carvajal\/\"},\"wordCount\":564,\"publisher\":{\"@id\":\"https:\/\/www.afne.org\/es\/#organization\"},\"image\":{\"@id\":\"https:\/\/www.afne.org\/es\/2026\/03\/charla-en-linea-con-jose-ignacio-diaz-carvajal\/#primaryimage\"},\"thumbnailUrl\":\"https:\/\/www.afne.org\/wp-content\/uploads\/2026\/03\/capcelera-formulari-google-2-3.jpg\",\"keywords\":[\"Jos\u00e9IgnacioD\u00edazCarvajal\"],\"articleSection\":[\"Acompa\u00f1amiento postadoptivo\",\"Actividades\",\"Formaci\u00f3n Postadoptiva\"],\"inLanguage\":\"es\"},{\"@type\":\"WebPage\",\"@id\":\"https:\/\/www.afne.org\/es\/2026\/03\/charla-en-linea-con-jose-ignacio-diaz-carvajal\/\",\"url\":\"https:\/\/www.afne.org\/es\/2026\/03\/charla-en-linea-con-jose-ignacio-diaz-carvajal\/\",\"name\":\"As\u00ed fue...la charla en l\u00ednea Jos\u00e9 Ignacio D\u00edaz Carvajal - AFNE\",\"isPartOf\":{\"@id\":\"https:\/\/www.afne.org\/es\/#website\"},\"primaryImageOfPage\":{\"@id\":\"https:\/\/www.afne.org\/es\/2026\/03\/charla-en-linea-con-jose-ignacio-diaz-carvajal\/#primaryimage\"},\"image\":{\"@id\":\"https:\/\/www.afne.org\/es\/2026\/03\/charla-en-linea-con-jose-ignacio-diaz-carvajal\/#primaryimage\"},\"thumbnailUrl\":\"https:\/\/www.afne.org\/wp-content\/uploads\/2026\/03\/capcelera-formulari-google-2-3.jpg\",\"datePublished\":\"2026-03-06T11:11:36+00:00\",\"dateModified\":\"2026-04-13T06:32:24+00:00\",\"breadcrumb\":{\"@id\":\"https:\/\/www.afne.org\/es\/2026\/03\/charla-en-linea-con-jose-ignacio-diaz-carvajal\/#breadcrumb\"},\"inLanguage\":\"es\",\"potentialAction\":[{\"@type\":\"ReadAction\",\"target\":[\"https:\/\/www.afne.org\/es\/2026\/03\/charla-en-linea-con-jose-ignacio-diaz-carvajal\/\"]}]},{\"@type\":\"ImageObject\",\"inLanguage\":\"es\",\"@id\":\"https:\/\/www.afne.org\/es\/2026\/03\/charla-en-linea-con-jose-ignacio-diaz-carvajal\/#primaryimage\",\"url\":\"https:\/\/www.afne.org\/wp-content\/uploads\/2026\/03\/capcelera-formulari-google-2-3.jpg\",\"contentUrl\":\"https:\/\/www.afne.org\/wp-content\/uploads\/2026\/03\/capcelera-formulari-google-2-3.jpg\",\"width\":1920,\"height\":1080},{\"@type\":\"BreadcrumbList\",\"@id\":\"https:\/\/www.afne.org\/es\/2026\/03\/charla-en-linea-con-jose-ignacio-diaz-carvajal\/#breadcrumb\",\"itemListElement\":[{\"@type\":\"ListItem\",\"position\":1,\"name\":\"Inici\",\"item\":\"https:\/\/www.afne.org\/es\/\"},{\"@type\":\"ListItem\",\"position\":2,\"name\":\"As\u00ed fue&#8230;la charla en l\u00ednea Jos\u00e9 Ignacio D\u00edaz Carvajal\"}]},{\"@type\":\"WebSite\",\"@id\":\"https:\/\/www.afne.org\/es\/#website\",\"url\":\"https:\/\/www.afne.org\/es\/\",\"name\":\"AFNE\",\"description\":\"Units a Eti\u00f2pia\",\"publisher\":{\"@id\":\"https:\/\/www.afne.org\/es\/#organization\"},\"potentialAction\":[{\"@type\":\"SearchAction\",\"target\":{\"@type\":\"EntryPoint\",\"urlTemplate\":\"https:\/\/www.afne.org\/es\/?s={search_term_string}\"},\"query-input\":{\"@type\":\"PropertyValueSpecification\",\"valueRequired\":true,\"valueName\":\"search_term_string\"}}],\"inLanguage\":\"es\"},{\"@type\":\"Organization\",\"@id\":\"https:\/\/www.afne.org\/es\/#organization\",\"name\":\"Associaci\u00f3 de Fam\u00edlies de Nens i Nenes d\u2019Eti\u00f2pia\",\"url\":\"https:\/\/www.afne.org\/es\/\",\"logo\":{\"@type\":\"ImageObject\",\"inLanguage\":\"es\",\"@id\":\"https:\/\/www.afne.org\/es\/#\/schema\/logo\/image\/\",\"url\":\"https:\/\/www.afne.org\/wp-content\/uploads\/2025\/07\/logotip-afne.png\",\"contentUrl\":\"https:\/\/www.afne.org\/wp-content\/uploads\/2025\/07\/logotip-afne.png\",\"width\":200,\"height\":48,\"caption\":\"Associaci\u00f3 de Fam\u00edlies de Nens i Nenes d\u2019Eti\u00f2pia\"},\"image\":{\"@id\":\"https:\/\/www.afne.org\/es\/#\/schema\/logo\/image\/\"},\"sameAs\":[\"https:\/\/www.facebook.com\/afne.org\",\"https:\/\/www.instagram.com\/afne_etiopia\/\",\"https:\/\/www.youtube.com\/channel\/UCh-2Vrtq80T4SbmHu0u1Beg\",\"https:\/\/api.whatsapp.com\/message\/M2WZK3UT5QBFH1?autoload=1&app_absent=0\"]},{\"@type\":\"Person\",\"@id\":\"https:\/\/www.afne.org\/es\/#\/schema\/person\/e116023e15e6a7392559dbe3d12e63e4\",\"name\":\"AFNE\",\"image\":{\"@type\":\"ImageObject\",\"inLanguage\":\"es\",\"@id\":\"https:\/\/www.afne.org\/es\/#\/schema\/person\/image\/\",\"url\":\"https:\/\/secure.gravatar.com\/avatar\/9541820186e605ece9284dfbd313e884dbda00c1f15052bcf86196bec2e456f2?s=96&d=mm&r=g\",\"contentUrl\":\"https:\/\/secure.gravatar.com\/avatar\/9541820186e605ece9284dfbd313e884dbda00c1f15052bcf86196bec2e456f2?s=96&d=mm&r=g\",\"caption\":\"AFNE\"}}]}<\/script>\n<!-- \/ Yoast SEO plugin. -->","yoast_head_json":{"title":"As\u00ed fue...la charla en l\u00ednea Jos\u00e9 Ignacio D\u00edaz Carvajal - AFNE","robots":{"index":"index","follow":"follow","max-snippet":"max-snippet:-1","max-image-preview":"max-image-preview:large","max-video-preview":"max-video-preview:-1"},"canonical":"https:\/\/www.afne.org\/es\/2026\/03\/charla-en-linea-con-jose-ignacio-diaz-carvajal\/","og_locale":"es_ES","og_type":"article","og_title":"As\u00ed fue...la charla en l\u00ednea Jos\u00e9 Ignacio D\u00edaz Carvajal - AFNE","og_description":"El pasado lunes, m\u00e1s de una veintena de personas tuvimos la suerte de asistir a una charla en l\u00ednea con Jos\u00e9 Ignacio D\u00edaz Carvajal, psicoterapeuta y padre adoptivo que ha ejercido la paternidad en solitario, quien nos regal\u00f3 un espacio profundamente humano, honesto y transformador.","og_url":"https:\/\/www.afne.org\/es\/2026\/03\/charla-en-linea-con-jose-ignacio-diaz-carvajal\/","og_site_name":"AFNE","article_publisher":"https:\/\/www.facebook.com\/afne.org","article_published_time":"2026-03-06T11:11:36+00:00","article_modified_time":"2026-04-13T06:32:24+00:00","og_image":[{"width":1920,"height":1080,"url":"https:\/\/www.afne.org\/wp-content\/uploads\/2026\/03\/capcelera-formulari-google-2-3.jpg","type":"image\/jpeg"}],"author":"AFNE","twitter_card":"summary_large_image","twitter_misc":{"Escrito por":"AFNE","Tiempo de lectura":"3 minutos"},"schema":{"@context":"https:\/\/schema.org","@graph":[{"@type":"Article","@id":"https:\/\/www.afne.org\/es\/2026\/03\/charla-en-linea-con-jose-ignacio-diaz-carvajal\/#article","isPartOf":{"@id":"https:\/\/www.afne.org\/es\/2026\/03\/charla-en-linea-con-jose-ignacio-diaz-carvajal\/"},"author":{"name":"AFNE","@id":"https:\/\/www.afne.org\/es\/#\/schema\/person\/e116023e15e6a7392559dbe3d12e63e4"},"headline":"As\u00ed fue&#8230;la charla en l\u00ednea Jos\u00e9 Ignacio D\u00edaz Carvajal","datePublished":"2026-03-06T11:11:36+00:00","dateModified":"2026-04-13T06:32:24+00:00","mainEntityOfPage":{"@id":"https:\/\/www.afne.org\/es\/2026\/03\/charla-en-linea-con-jose-ignacio-diaz-carvajal\/"},"wordCount":564,"publisher":{"@id":"https:\/\/www.afne.org\/es\/#organization"},"image":{"@id":"https:\/\/www.afne.org\/es\/2026\/03\/charla-en-linea-con-jose-ignacio-diaz-carvajal\/#primaryimage"},"thumbnailUrl":"https:\/\/www.afne.org\/wp-content\/uploads\/2026\/03\/capcelera-formulari-google-2-3.jpg","keywords":["Jos\u00e9IgnacioD\u00edazCarvajal"],"articleSection":["Acompa\u00f1amiento postadoptivo","Actividades","Formaci\u00f3n Postadoptiva"],"inLanguage":"es"},{"@type":"WebPage","@id":"https:\/\/www.afne.org\/es\/2026\/03\/charla-en-linea-con-jose-ignacio-diaz-carvajal\/","url":"https:\/\/www.afne.org\/es\/2026\/03\/charla-en-linea-con-jose-ignacio-diaz-carvajal\/","name":"As\u00ed fue...la charla en l\u00ednea Jos\u00e9 Ignacio D\u00edaz Carvajal - AFNE","isPartOf":{"@id":"https:\/\/www.afne.org\/es\/#website"},"primaryImageOfPage":{"@id":"https:\/\/www.afne.org\/es\/2026\/03\/charla-en-linea-con-jose-ignacio-diaz-carvajal\/#primaryimage"},"image":{"@id":"https:\/\/www.afne.org\/es\/2026\/03\/charla-en-linea-con-jose-ignacio-diaz-carvajal\/#primaryimage"},"thumbnailUrl":"https:\/\/www.afne.org\/wp-content\/uploads\/2026\/03\/capcelera-formulari-google-2-3.jpg","datePublished":"2026-03-06T11:11:36+00:00","dateModified":"2026-04-13T06:32:24+00:00","breadcrumb":{"@id":"https:\/\/www.afne.org\/es\/2026\/03\/charla-en-linea-con-jose-ignacio-diaz-carvajal\/#breadcrumb"},"inLanguage":"es","potentialAction":[{"@type":"ReadAction","target":["https:\/\/www.afne.org\/es\/2026\/03\/charla-en-linea-con-jose-ignacio-diaz-carvajal\/"]}]},{"@type":"ImageObject","inLanguage":"es","@id":"https:\/\/www.afne.org\/es\/2026\/03\/charla-en-linea-con-jose-ignacio-diaz-carvajal\/#primaryimage","url":"https:\/\/www.afne.org\/wp-content\/uploads\/2026\/03\/capcelera-formulari-google-2-3.jpg","contentUrl":"https:\/\/www.afne.org\/wp-content\/uploads\/2026\/03\/capcelera-formulari-google-2-3.jpg","width":1920,"height":1080},{"@type":"BreadcrumbList","@id":"https:\/\/www.afne.org\/es\/2026\/03\/charla-en-linea-con-jose-ignacio-diaz-carvajal\/#breadcrumb","itemListElement":[{"@type":"ListItem","position":1,"name":"Inici","item":"https:\/\/www.afne.org\/es\/"},{"@type":"ListItem","position":2,"name":"As\u00ed fue&#8230;la charla en l\u00ednea Jos\u00e9 Ignacio D\u00edaz Carvajal"}]},{"@type":"WebSite","@id":"https:\/\/www.afne.org\/es\/#website","url":"https:\/\/www.afne.org\/es\/","name":"AFNE","description":"Units a Eti\u00f2pia","publisher":{"@id":"https:\/\/www.afne.org\/es\/#organization"},"potentialAction":[{"@type":"SearchAction","target":{"@type":"EntryPoint","urlTemplate":"https:\/\/www.afne.org\/es\/?s={search_term_string}"},"query-input":{"@type":"PropertyValueSpecification","valueRequired":true,"valueName":"search_term_string"}}],"inLanguage":"es"},{"@type":"Organization","@id":"https:\/\/www.afne.org\/es\/#organization","name":"Associaci\u00f3 de Fam\u00edlies de Nens i Nenes d\u2019Eti\u00f2pia","url":"https:\/\/www.afne.org\/es\/","logo":{"@type":"ImageObject","inLanguage":"es","@id":"https:\/\/www.afne.org\/es\/#\/schema\/logo\/image\/","url":"https:\/\/www.afne.org\/wp-content\/uploads\/2025\/07\/logotip-afne.png","contentUrl":"https:\/\/www.afne.org\/wp-content\/uploads\/2025\/07\/logotip-afne.png","width":200,"height":48,"caption":"Associaci\u00f3 de Fam\u00edlies de Nens i Nenes d\u2019Eti\u00f2pia"},"image":{"@id":"https:\/\/www.afne.org\/es\/#\/schema\/logo\/image\/"},"sameAs":["https:\/\/www.facebook.com\/afne.org","https:\/\/www.instagram.com\/afne_etiopia\/","https:\/\/www.youtube.com\/channel\/UCh-2Vrtq80T4SbmHu0u1Beg","https:\/\/api.whatsapp.com\/message\/M2WZK3UT5QBFH1?autoload=1&app_absent=0"]},{"@type":"Person","@id":"https:\/\/www.afne.org\/es\/#\/schema\/person\/e116023e15e6a7392559dbe3d12e63e4","name":"AFNE","image":{"@type":"ImageObject","inLanguage":"es","@id":"https:\/\/www.afne.org\/es\/#\/schema\/person\/image\/","url":"https:\/\/secure.gravatar.com\/avatar\/9541820186e605ece9284dfbd313e884dbda00c1f15052bcf86196bec2e456f2?s=96&d=mm&r=g","contentUrl":"https:\/\/secure.gravatar.com\/avatar\/9541820186e605ece9284dfbd313e884dbda00c1f15052bcf86196bec2e456f2?s=96&d=mm&r=g","caption":"AFNE"}}]}},"_links":{"self":[{"href":"https:\/\/www.afne.org\/es\/wp-json\/wp\/v2\/posts\/26329","targetHints":{"allow":["GET"]}}],"collection":[{"href":"https:\/\/www.afne.org\/es\/wp-json\/wp\/v2\/posts"}],"about":[{"href":"https:\/\/www.afne.org\/es\/wp-json\/wp\/v2\/types\/post"}],"author":[{"embeddable":true,"href":"https:\/\/www.afne.org\/es\/wp-json\/wp\/v2\/users\/3"}],"replies":[{"embeddable":true,"href":"https:\/\/www.afne.org\/es\/wp-json\/wp\/v2\/comments?post=26329"}],"version-history":[{"count":9,"href":"https:\/\/www.afne.org\/es\/wp-json\/wp\/v2\/posts\/26329\/revisions"}],"predecessor-version":[{"id":26554,"href":"https:\/\/www.afne.org\/es\/wp-json\/wp\/v2\/posts\/26329\/revisions\/26554"}],"wp:featuredmedia":[{"embeddable":true,"href":"https:\/\/www.afne.org\/es\/wp-json\/wp\/v2\/media\/26372"}],"wp:attachment":[{"href":"https:\/\/www.afne.org\/es\/wp-json\/wp\/v2\/media?parent=26329"}],"wp:term":[{"taxonomy":"category","embeddable":true,"href":"https:\/\/www.afne.org\/es\/wp-json\/wp\/v2\/categories?post=26329"},{"taxonomy":"post_tag","embeddable":true,"href":"https:\/\/www.afne.org\/es\/wp-json\/wp\/v2\/tags?post=26329"}],"curies":[{"name":"wp","href":"https:\/\/api.w.org\/{rel}","templated":true}]}}