{"id":26148,"date":"2025-12-23T12:15:35","date_gmt":"2025-12-23T11:15:35","guid":{"rendered":"https:\/\/www.afne.org\/2025\/12\/noticias-de-muketuri\/"},"modified":"2026-04-13T08:32:23","modified_gmt":"2026-04-13T06:32:23","slug":"noticias-de-muketuri","status":"publish","type":"post","link":"https:\/\/www.afne.org\/es\/2025\/12\/noticias-de-muketuri\/","title":{"rendered":"Noticias de Muketuri"},"content":{"rendered":"\n<h2 class=\"wp-block-heading has-medium-font-size\">Curso 2025\/2026<\/h2>\n\n<p>El pasado <strong><strong>15 de septiembre,<\/strong><\/strong> coincidiendo con el final de las festividades de Meskel, el Centro de Muketuri reanud\u00f3 su actividad acad\u00e9mica. El regreso a las aulas se ha producido de manera progresiva: pese a la apertura oficial a mediados de mes, fue el<strong> 29 de septiembre <\/strong>cuando se complet\u00f3 la incorporaci\u00f3n de los <strong>380 alumnos y alumnas <\/strong>que forman parte del centro este curso <\/p>\n\n<div class=\"wp-block-columns is-layout-flex wp-container-core-columns-is-layout-28f84493 wp-block-columns-is-layout-flex\">\n<div class=\"wp-block-column is-layout-flow wp-block-column-is-layout-flow\">\n<figure class=\"wp-block-image size-large\"><img fetchpriority=\"high\" decoding=\"async\" width=\"1024\" height=\"768\" src=\"https:\/\/www.afne.org\/wp-content\/uploads\/2025\/12\/WhatsApp-Image-2025-07-28-at-14.08.46-1024x768.jpeg\" alt=\"\" class=\"wp-image-26144\" srcset=\"https:\/\/www.afne.org\/wp-content\/uploads\/2025\/12\/WhatsApp-Image-2025-07-28-at-14.08.46-1024x768.jpeg 1024w, https:\/\/www.afne.org\/wp-content\/uploads\/2025\/12\/WhatsApp-Image-2025-07-28-at-14.08.46-300x225.jpeg 300w, https:\/\/www.afne.org\/wp-content\/uploads\/2025\/12\/WhatsApp-Image-2025-07-28-at-14.08.46-768x576.jpeg 768w, https:\/\/www.afne.org\/wp-content\/uploads\/2025\/12\/WhatsApp-Image-2025-07-28-at-14.08.46-1536x1152.jpeg 1536w, https:\/\/www.afne.org\/wp-content\/uploads\/2025\/12\/WhatsApp-Image-2025-07-28-at-14.08.46.jpeg 1600w\" sizes=\"(max-width: 1024px) 100vw, 1024px\" \/><\/figure>\n<\/div>\n\n\n\n<div class=\"wp-block-column is-layout-flow wp-block-column-is-layout-flow\">\n<figure class=\"wp-block-image size-large\"><img decoding=\"async\" width=\"1024\" height=\"768\" src=\"https:\/\/www.afne.org\/wp-content\/uploads\/2025\/12\/WhatsApp-Image-2025-03-20-at-17.08.13-1024x768.jpeg\" alt=\"\" class=\"wp-image-26114\" srcset=\"https:\/\/www.afne.org\/wp-content\/uploads\/2025\/12\/WhatsApp-Image-2025-03-20-at-17.08.13-1024x768.jpeg 1024w, https:\/\/www.afne.org\/wp-content\/uploads\/2025\/12\/WhatsApp-Image-2025-03-20-at-17.08.13-300x225.jpeg 300w, https:\/\/www.afne.org\/wp-content\/uploads\/2025\/12\/WhatsApp-Image-2025-03-20-at-17.08.13-768x576.jpeg 768w, https:\/\/www.afne.org\/wp-content\/uploads\/2025\/12\/WhatsApp-Image-2025-03-20-at-17.08.13-1536x1152.jpeg 1536w, https:\/\/www.afne.org\/wp-content\/uploads\/2025\/12\/WhatsApp-Image-2025-03-20-at-17.08.13.jpeg 1600w\" sizes=\"(max-width: 1024px) 100vw, 1024px\" \/><\/figure>\n<\/div>\n\n\n\n<div class=\"wp-block-column is-layout-flow wp-block-column-is-layout-flow\">\n<figure class=\"wp-block-image aligncenter size-large\"><img decoding=\"async\" width=\"1024\" height=\"768\" src=\"https:\/\/www.afne.org\/wp-content\/uploads\/2025\/12\/WhatsApp-Image-2025-11-03-at-12.10.44-1-1024x768.jpeg\" alt=\"\" class=\"wp-image-26111\" style=\"aspect-ratio:1.3333650914634145\" srcset=\"https:\/\/www.afne.org\/wp-content\/uploads\/2025\/12\/WhatsApp-Image-2025-11-03-at-12.10.44-1-1024x768.jpeg 1024w, https:\/\/www.afne.org\/wp-content\/uploads\/2025\/12\/WhatsApp-Image-2025-11-03-at-12.10.44-1-300x225.jpeg 300w, https:\/\/www.afne.org\/wp-content\/uploads\/2025\/12\/WhatsApp-Image-2025-11-03-at-12.10.44-1-768x576.jpeg 768w, https:\/\/www.afne.org\/wp-content\/uploads\/2025\/12\/WhatsApp-Image-2025-11-03-at-12.10.44-1-1536x1152.jpeg 1536w, https:\/\/www.afne.org\/wp-content\/uploads\/2025\/12\/WhatsApp-Image-2025-11-03-at-12.10.44-1.jpeg 1600w\" sizes=\"(max-width: 1024px) 100vw, 1024px\" \/><\/figure>\n<\/div>\n<\/div>\n\n<p>Esta cifra consolida la capacidad del proyecto para dar cobertura a un volumen importante de ni\u00f1os y ni\u00f1as de la zona, asegurando tanto su escolarizaci\u00f3n como su bienestar.<\/p>\n\n<p>La estrategia nutricional sigue siendo uno de los pilares fundamentales de la intervenci\u00f3n en Muketuri. Actualmente, la distribuci\u00f3n de un vaso de leche diario para cada alumno se ha convertido en una de las acciones m\u00e1s valoradas por la comunidad local, ya que garantiza un aporte de prote\u00edna animal esencial en edades de crecimiento. <\/p>\n\n<div class=\"wp-block-columns is-layout-flex wp-container-core-columns-is-layout-28f84493 wp-block-columns-is-layout-flex\">\n<div class=\"wp-block-column is-layout-flow wp-block-column-is-layout-flow\">\n<figure class=\"wp-block-image size-large\"><img decoding=\"async\" src=\"https:\/\/www.afne.org\/wp-content\/uploads\/2025\/12\/WhatsApp-Image-2025-11-26-at-13.35.04-1-1024x768.jpeg\" alt=\"\" class=\"wp-image-26068\"\/><\/figure>\n<\/div>\n\n\n\n<div class=\"wp-block-column is-layout-flow wp-block-column-is-layout-flow\">\n<figure class=\"wp-block-image aligncenter size-large is-resized\"><img loading=\"lazy\" decoding=\"async\" width=\"768\" height=\"1024\" src=\"https:\/\/www.afne.org\/wp-content\/uploads\/2025\/12\/WhatsApp-Image-2025-11-03-at-08.52.53-768x1024.jpeg\" alt=\"\" class=\"wp-image-26058\" style=\"aspect-ratio:0.7499766245909304;width:143px;height:auto\" srcset=\"https:\/\/www.afne.org\/wp-content\/uploads\/2025\/12\/WhatsApp-Image-2025-11-03-at-08.52.53-768x1024.jpeg 768w, https:\/\/www.afne.org\/wp-content\/uploads\/2025\/12\/WhatsApp-Image-2025-11-03-at-08.52.53-225x300.jpeg 225w, https:\/\/www.afne.org\/wp-content\/uploads\/2025\/12\/WhatsApp-Image-2025-11-03-at-08.52.53-1152x1536.jpeg 1152w, https:\/\/www.afne.org\/wp-content\/uploads\/2025\/12\/WhatsApp-Image-2025-11-03-at-08.52.53.jpeg 1200w\" sizes=\"(max-width: 768px) 100vw, 768px\" \/><\/figure>\n<\/div>\n\n\n\n<div class=\"wp-block-column is-layout-flow wp-block-column-is-layout-flow\">\n<figure class=\"wp-block-image size-large\"><img loading=\"lazy\" decoding=\"async\" width=\"1024\" height=\"768\" src=\"https:\/\/www.afne.org\/wp-content\/uploads\/2025\/12\/WhatsApp-Image-2025-11-25-at-12.50.20-1024x768.jpeg\" alt=\"\" class=\"wp-image-26062\" srcset=\"https:\/\/www.afne.org\/wp-content\/uploads\/2025\/12\/WhatsApp-Image-2025-11-25-at-12.50.20-1024x768.jpeg 1024w, https:\/\/www.afne.org\/wp-content\/uploads\/2025\/12\/WhatsApp-Image-2025-11-25-at-12.50.20-300x225.jpeg 300w, https:\/\/www.afne.org\/wp-content\/uploads\/2025\/12\/WhatsApp-Image-2025-11-25-at-12.50.20-768x576.jpeg 768w, https:\/\/www.afne.org\/wp-content\/uploads\/2025\/12\/WhatsApp-Image-2025-11-25-at-12.50.20-1536x1152.jpeg 1536w, https:\/\/www.afne.org\/wp-content\/uploads\/2025\/12\/WhatsApp-Image-2025-11-25-at-12.50.20-2048x1536.jpeg 2048w\" sizes=\"(max-width: 1024px) 100vw, 1024px\" \/><\/figure>\n<\/div>\n<\/div>\n\n<p>El funcionamiento del comedor de Jebena es clave en este sentido; las cocineras Bizunesh, Taitu y Adisu gestionan la elaboraci\u00f3n de los men\u00fas diarios, priorizando el uso de verduras frescas cosechadas directamente del huerto del centro. Este modelo no solo asegura una dieta equilibrada, sino que refuerza la sostenibilidad del proyecto y la calidad del producto. <\/p>\n\n<div class=\"wp-block-columns is-layout-flex wp-container-core-columns-is-layout-28f84493 wp-block-columns-is-layout-flex\">\n<div class=\"wp-block-column is-layout-flow wp-block-column-is-layout-flow\">\n<figure class=\"wp-block-image size-large\"><img loading=\"lazy\" decoding=\"async\" width=\"1024\" height=\"768\" src=\"https:\/\/www.afne.org\/wp-content\/uploads\/2025\/12\/WhatsApp-Image-2025-06-09-at-10.43.26-1024x768.jpeg\" alt=\"\" class=\"wp-image-26105\" srcset=\"https:\/\/www.afne.org\/wp-content\/uploads\/2025\/12\/WhatsApp-Image-2025-06-09-at-10.43.26-1024x768.jpeg 1024w, https:\/\/www.afne.org\/wp-content\/uploads\/2025\/12\/WhatsApp-Image-2025-06-09-at-10.43.26-300x225.jpeg 300w, https:\/\/www.afne.org\/wp-content\/uploads\/2025\/12\/WhatsApp-Image-2025-06-09-at-10.43.26-768x576.jpeg 768w, https:\/\/www.afne.org\/wp-content\/uploads\/2025\/12\/WhatsApp-Image-2025-06-09-at-10.43.26-1536x1152.jpeg 1536w, https:\/\/www.afne.org\/wp-content\/uploads\/2025\/12\/WhatsApp-Image-2025-06-09-at-10.43.26.jpeg 1600w\" sizes=\"(max-width: 1024px) 100vw, 1024px\" \/><\/figure>\n<\/div>\n\n\n\n<div class=\"wp-block-column is-layout-flow wp-block-column-is-layout-flow\">\n<figure class=\"wp-block-image size-large\"><img loading=\"lazy\" decoding=\"async\" width=\"1024\" height=\"768\" src=\"https:\/\/www.afne.org\/wp-content\/uploads\/2025\/12\/WhatsApp-Image-2025-06-09-at-10.43.25-1-1024x768.jpeg\" alt=\"\" class=\"wp-image-26124\" srcset=\"https:\/\/www.afne.org\/wp-content\/uploads\/2025\/12\/WhatsApp-Image-2025-06-09-at-10.43.25-1-1024x768.jpeg 1024w, https:\/\/www.afne.org\/wp-content\/uploads\/2025\/12\/WhatsApp-Image-2025-06-09-at-10.43.25-1-300x225.jpeg 300w, https:\/\/www.afne.org\/wp-content\/uploads\/2025\/12\/WhatsApp-Image-2025-06-09-at-10.43.25-1-768x576.jpeg 768w, https:\/\/www.afne.org\/wp-content\/uploads\/2025\/12\/WhatsApp-Image-2025-06-09-at-10.43.25-1-1536x1152.jpeg 1536w, https:\/\/www.afne.org\/wp-content\/uploads\/2025\/12\/WhatsApp-Image-2025-06-09-at-10.43.25-1.jpeg 1600w\" sizes=\"(max-width: 1024px) 100vw, 1024px\" \/><\/figure>\n<\/div>\n\n\n\n<div class=\"wp-block-column is-layout-flow wp-block-column-is-layout-flow\">\n<figure class=\"wp-block-image aligncenter size-large\"><img loading=\"lazy\" decoding=\"async\" width=\"1024\" height=\"768\" src=\"https:\/\/www.afne.org\/wp-content\/uploads\/2025\/12\/WhatsApp-Image-2025-05-14-at-09.09.16-1024x768.jpeg\" alt=\"\" class=\"wp-image-26102\" srcset=\"https:\/\/www.afne.org\/wp-content\/uploads\/2025\/12\/WhatsApp-Image-2025-05-14-at-09.09.16-1024x768.jpeg 1024w, https:\/\/www.afne.org\/wp-content\/uploads\/2025\/12\/WhatsApp-Image-2025-05-14-at-09.09.16-300x225.jpeg 300w, https:\/\/www.afne.org\/wp-content\/uploads\/2025\/12\/WhatsApp-Image-2025-05-14-at-09.09.16-768x576.jpeg 768w, https:\/\/www.afne.org\/wp-content\/uploads\/2025\/12\/WhatsApp-Image-2025-05-14-at-09.09.16.jpeg 1280w\" sizes=\"(max-width: 1024px) 100vw, 1024px\" \/><\/figure>\n<\/div>\n<\/div>\n\n<p>En el \u00e1mbito educativo, el centro sigue ampliando el curr\u00edculo m\u00e1s all\u00e1 de las materias b\u00e1sicas. Gracias a la colaboraci\u00f3n de personal voluntario, los alumnos reciben clases de ingl\u00e9s y sesiones de gimnasia, disciplinas que complementan su desarrollo acad\u00e9mico y f\u00edsico. Estas actividades se integran en una rutina que busca la formaci\u00f3n integral del ni\u00f1o, ofreciendo herramientas que ser\u00e1n determinantes en su progresi\u00f3n escolar futura.  <\/p>\n\n<p>M\u00e1s all\u00e1 del aprendizaje te\u00f3rico, el proyecto pone un \u00e9nfasis especial en la responsabilidad y el mantenimiento de las instalaciones. Los ni\u00f1os y ni\u00f1as participan activamente en el funcionamiento del centro mediante turnos establecidos para limpiar sus platos y tazas despu\u00e9s de cada comida.  <\/p>\n\n<div class=\"wp-block-columns is-layout-flex wp-container-core-columns-is-layout-28f84493 wp-block-columns-is-layout-flex\">\n<div class=\"wp-block-column is-layout-flow wp-block-column-is-layout-flow\">\n<figure class=\"wp-block-image size-large\"><img loading=\"lazy\" decoding=\"async\" width=\"1024\" height=\"768\" src=\"https:\/\/www.afne.org\/wp-content\/uploads\/2025\/12\/WhatsApp-Image-2025-10-02-at-09.11.42-1024x768.jpeg\" alt=\"\" class=\"wp-image-26086\" srcset=\"https:\/\/www.afne.org\/wp-content\/uploads\/2025\/12\/WhatsApp-Image-2025-10-02-at-09.11.42-1024x768.jpeg 1024w, https:\/\/www.afne.org\/wp-content\/uploads\/2025\/12\/WhatsApp-Image-2025-10-02-at-09.11.42-300x225.jpeg 300w, https:\/\/www.afne.org\/wp-content\/uploads\/2025\/12\/WhatsApp-Image-2025-10-02-at-09.11.42-768x576.jpeg 768w, https:\/\/www.afne.org\/wp-content\/uploads\/2025\/12\/WhatsApp-Image-2025-10-02-at-09.11.42-1536x1152.jpeg 1536w, https:\/\/www.afne.org\/wp-content\/uploads\/2025\/12\/WhatsApp-Image-2025-10-02-at-09.11.42.jpeg 1600w\" sizes=\"(max-width: 1024px) 100vw, 1024px\" \/><\/figure>\n<\/div>\n\n\n\n<div class=\"wp-block-column is-layout-flow wp-block-column-is-layout-flow\">\n<figure class=\"wp-block-image size-large\"><img loading=\"lazy\" decoding=\"async\" width=\"1024\" height=\"768\" src=\"https:\/\/www.afne.org\/wp-content\/uploads\/2025\/12\/WhatsApp-Image-2025-10-02-at-09.13.18-1024x768.jpeg\" alt=\"\" class=\"wp-image-26095\" srcset=\"https:\/\/www.afne.org\/wp-content\/uploads\/2025\/12\/WhatsApp-Image-2025-10-02-at-09.13.18-1024x768.jpeg 1024w, https:\/\/www.afne.org\/wp-content\/uploads\/2025\/12\/WhatsApp-Image-2025-10-02-at-09.13.18-300x225.jpeg 300w, https:\/\/www.afne.org\/wp-content\/uploads\/2025\/12\/WhatsApp-Image-2025-10-02-at-09.13.18-768x576.jpeg 768w, https:\/\/www.afne.org\/wp-content\/uploads\/2025\/12\/WhatsApp-Image-2025-10-02-at-09.13.18.jpeg 1280w\" sizes=\"(max-width: 1024px) 100vw, 1024px\" \/><\/figure>\n<\/div>\n\n\n\n<div class=\"wp-block-column is-layout-flow wp-block-column-is-layout-flow\">\n<figure class=\"wp-block-image size-large\"><img loading=\"lazy\" decoding=\"async\" width=\"1024\" height=\"768\" src=\"https:\/\/www.afne.org\/wp-content\/uploads\/2025\/12\/WhatsApp-Image-2025-03-20-at-17.06.53-1024x768.jpeg\" alt=\"\" class=\"wp-image-26098\" srcset=\"https:\/\/www.afne.org\/wp-content\/uploads\/2025\/12\/WhatsApp-Image-2025-03-20-at-17.06.53-1024x768.jpeg 1024w, https:\/\/www.afne.org\/wp-content\/uploads\/2025\/12\/WhatsApp-Image-2025-03-20-at-17.06.53-300x225.jpeg 300w, https:\/\/www.afne.org\/wp-content\/uploads\/2025\/12\/WhatsApp-Image-2025-03-20-at-17.06.53-768x576.jpeg 768w, https:\/\/www.afne.org\/wp-content\/uploads\/2025\/12\/WhatsApp-Image-2025-03-20-at-17.06.53-1536x1152.jpeg 1536w, https:\/\/www.afne.org\/wp-content\/uploads\/2025\/12\/WhatsApp-Image-2025-03-20-at-17.06.53.jpeg 1600w\" sizes=\"(max-width: 1024px) 100vw, 1024px\" \/><\/figure>\n<\/div>\n<\/div>\n\n<p>Asimismo, la implicaci\u00f3n de las familias es una pieza indispensable del engranaje: cada viernes, los padres y madres se organizan por turnos para colaborar con las maestras en la limpieza y mantenimiento de las aulas. Esta colaboraci\u00f3n comunitaria garantiza que el centro sea un espacio cuidado y compartido por todos. <\/p>\n\n<p>El avance y la continuidad de estas iniciativas son posibles gracias al apoyo constante de los socios y socias de AFNE. Vuestra contribuci\u00f3n permite mantener la estructura log\u00edstica y humana necesaria para garantizar, d\u00eda a d\u00eda, la educaci\u00f3n y la nutrici\u00f3n de los ni\u00f1os y ni\u00f1as de Muketuri. <\/p>\n\n<p><\/p>\n","protected":false},"excerpt":{"rendered":"<p>El regreso a las aulas se ha producido de manera progresiva: pese a la apertura oficial a mediados de mes, fue el 29 de septiembre cuando se complet\u00f3 la incorporaci\u00f3n de los 380 alumnos que forman parte del centro este curso<\/p>\n","protected":false},"author":3,"featured_media":26113,"comment_status":"closed","ping_status":"closed","sticky":false,"template":"","format":"standard","meta":{"_acf_changed":false,"footnotes":""},"categories":[1046,1034,1030,1029],"tags":[1031],"class_list":["post-26148","post","type-post","status-publish","format-standard","has-post-thumbnail","hentry","category-articulos","category-destacat-3-es","category-etiopia-es","category-noticias","tag-etiopia-en-positivo-es"],"acf":[],"yoast_head":"<!-- This site is optimized with the Yoast SEO plugin v26.4 - https:\/\/yoast.com\/wordpress\/plugins\/seo\/ -->\n<title>Noticias de Muketuri - AFNE<\/title>\n<meta name=\"robots\" content=\"index, follow, max-snippet:-1, max-image-preview:large, max-video-preview:-1\" \/>\n<link rel=\"canonical\" href=\"https:\/\/www.afne.org\/es\/2025\/12\/noticias-de-muketuri\/\" \/>\n<meta property=\"og:locale\" content=\"es_ES\" \/>\n<meta property=\"og:type\" content=\"article\" \/>\n<meta property=\"og:title\" content=\"Noticias de Muketuri - AFNE\" \/>\n<meta property=\"og:description\" content=\"El regreso a las aulas se ha producido de manera progresiva: pese a la apertura oficial a mediados de mes, fue el 29 de septiembre cuando se complet\u00f3 la incorporaci\u00f3n de los 380 alumnos que forman parte del centro este curso\" \/>\n<meta property=\"og:url\" content=\"https:\/\/www.afne.org\/es\/2025\/12\/noticias-de-muketuri\/\" \/>\n<meta property=\"og:site_name\" content=\"AFNE\" \/>\n<meta property=\"article:publisher\" content=\"https:\/\/www.facebook.com\/afne.org\" \/>\n<meta property=\"article:published_time\" content=\"2025-12-23T11:15:35+00:00\" \/>\n<meta property=\"article:modified_time\" content=\"2026-04-13T06:32:23+00:00\" \/>\n<meta property=\"og:image\" content=\"https:\/\/www.afne.org\/wp-content\/uploads\/2025\/12\/WhatsApp-Image-2025-11-03-at-12.10.44-1.jpeg\" \/>\n\t<meta property=\"og:image:width\" content=\"1600\" \/>\n\t<meta property=\"og:image:height\" content=\"1200\" \/>\n\t<meta property=\"og:image:type\" content=\"image\/jpeg\" \/>\n<meta name=\"author\" content=\"AFNE\" \/>\n<meta name=\"twitter:card\" content=\"summary_large_image\" \/>\n<meta name=\"twitter:label1\" content=\"Escrito por\" \/>\n\t<meta name=\"twitter:data1\" content=\"AFNE\" \/>\n\t<meta name=\"twitter:label2\" content=\"Tiempo de lectura\" \/>\n\t<meta name=\"twitter:data2\" content=\"2 minutos\" \/>\n<script type=\"application\/ld+json\" class=\"yoast-schema-graph\">{\"@context\":\"https:\/\/schema.org\",\"@graph\":[{\"@type\":\"Article\",\"@id\":\"https:\/\/www.afne.org\/es\/2025\/12\/noticias-de-muketuri\/#article\",\"isPartOf\":{\"@id\":\"https:\/\/www.afne.org\/es\/2025\/12\/noticias-de-muketuri\/\"},\"author\":{\"name\":\"AFNE\",\"@id\":\"https:\/\/www.afne.org\/es\/#\/schema\/person\/e116023e15e6a7392559dbe3d12e63e4\"},\"headline\":\"Noticias de Muketuri\",\"datePublished\":\"2025-12-23T11:15:35+00:00\",\"dateModified\":\"2026-04-13T06:32:23+00:00\",\"mainEntityOfPage\":{\"@id\":\"https:\/\/www.afne.org\/es\/2025\/12\/noticias-de-muketuri\/\"},\"wordCount\":448,\"publisher\":{\"@id\":\"https:\/\/www.afne.org\/es\/#organization\"},\"image\":{\"@id\":\"https:\/\/www.afne.org\/es\/2025\/12\/noticias-de-muketuri\/#primaryimage\"},\"thumbnailUrl\":\"https:\/\/www.afne.org\/wp-content\/uploads\/2025\/12\/WhatsApp-Image-2025-11-03-at-12.10.44-1.jpeg\",\"keywords\":[\"Etiop\u00eda en Positivo\"],\"articleSection\":[\"Art\u00edculos\",\"Destacat 3\",\"Eti\u00f2pia\",\"Noticias\"],\"inLanguage\":\"es\"},{\"@type\":\"WebPage\",\"@id\":\"https:\/\/www.afne.org\/es\/2025\/12\/noticias-de-muketuri\/\",\"url\":\"https:\/\/www.afne.org\/es\/2025\/12\/noticias-de-muketuri\/\",\"name\":\"Noticias de Muketuri - AFNE\",\"isPartOf\":{\"@id\":\"https:\/\/www.afne.org\/es\/#website\"},\"primaryImageOfPage\":{\"@id\":\"https:\/\/www.afne.org\/es\/2025\/12\/noticias-de-muketuri\/#primaryimage\"},\"image\":{\"@id\":\"https:\/\/www.afne.org\/es\/2025\/12\/noticias-de-muketuri\/#primaryimage\"},\"thumbnailUrl\":\"https:\/\/www.afne.org\/wp-content\/uploads\/2025\/12\/WhatsApp-Image-2025-11-03-at-12.10.44-1.jpeg\",\"datePublished\":\"2025-12-23T11:15:35+00:00\",\"dateModified\":\"2026-04-13T06:32:23+00:00\",\"breadcrumb\":{\"@id\":\"https:\/\/www.afne.org\/es\/2025\/12\/noticias-de-muketuri\/#breadcrumb\"},\"inLanguage\":\"es\",\"potentialAction\":[{\"@type\":\"ReadAction\",\"target\":[\"https:\/\/www.afne.org\/es\/2025\/12\/noticias-de-muketuri\/\"]}]},{\"@type\":\"ImageObject\",\"inLanguage\":\"es\",\"@id\":\"https:\/\/www.afne.org\/es\/2025\/12\/noticias-de-muketuri\/#primaryimage\",\"url\":\"https:\/\/www.afne.org\/wp-content\/uploads\/2025\/12\/WhatsApp-Image-2025-11-03-at-12.10.44-1.jpeg\",\"contentUrl\":\"https:\/\/www.afne.org\/wp-content\/uploads\/2025\/12\/WhatsApp-Image-2025-11-03-at-12.10.44-1.jpeg\",\"width\":1600,\"height\":1200},{\"@type\":\"BreadcrumbList\",\"@id\":\"https:\/\/www.afne.org\/es\/2025\/12\/noticias-de-muketuri\/#breadcrumb\",\"itemListElement\":[{\"@type\":\"ListItem\",\"position\":1,\"name\":\"Inici\",\"item\":\"https:\/\/www.afne.org\/es\/\"},{\"@type\":\"ListItem\",\"position\":2,\"name\":\"Noticias de Muketuri\"}]},{\"@type\":\"WebSite\",\"@id\":\"https:\/\/www.afne.org\/es\/#website\",\"url\":\"https:\/\/www.afne.org\/es\/\",\"name\":\"AFNE\",\"description\":\"Units a Eti\u00f2pia\",\"publisher\":{\"@id\":\"https:\/\/www.afne.org\/es\/#organization\"},\"potentialAction\":[{\"@type\":\"SearchAction\",\"target\":{\"@type\":\"EntryPoint\",\"urlTemplate\":\"https:\/\/www.afne.org\/es\/?s={search_term_string}\"},\"query-input\":{\"@type\":\"PropertyValueSpecification\",\"valueRequired\":true,\"valueName\":\"search_term_string\"}}],\"inLanguage\":\"es\"},{\"@type\":\"Organization\",\"@id\":\"https:\/\/www.afne.org\/es\/#organization\",\"name\":\"Associaci\u00f3 de Fam\u00edlies de Nens i Nenes d\u2019Eti\u00f2pia\",\"url\":\"https:\/\/www.afne.org\/es\/\",\"logo\":{\"@type\":\"ImageObject\",\"inLanguage\":\"es\",\"@id\":\"https:\/\/www.afne.org\/es\/#\/schema\/logo\/image\/\",\"url\":\"https:\/\/www.afne.org\/wp-content\/uploads\/2025\/07\/logotip-afne.png\",\"contentUrl\":\"https:\/\/www.afne.org\/wp-content\/uploads\/2025\/07\/logotip-afne.png\",\"width\":200,\"height\":48,\"caption\":\"Associaci\u00f3 de Fam\u00edlies de Nens i Nenes d\u2019Eti\u00f2pia\"},\"image\":{\"@id\":\"https:\/\/www.afne.org\/es\/#\/schema\/logo\/image\/\"},\"sameAs\":[\"https:\/\/www.facebook.com\/afne.org\",\"https:\/\/www.instagram.com\/afne_etiopia\/\",\"https:\/\/www.youtube.com\/channel\/UCh-2Vrtq80T4SbmHu0u1Beg\",\"https:\/\/api.whatsapp.com\/message\/M2WZK3UT5QBFH1?autoload=1&app_absent=0\"]},{\"@type\":\"Person\",\"@id\":\"https:\/\/www.afne.org\/es\/#\/schema\/person\/e116023e15e6a7392559dbe3d12e63e4\",\"name\":\"AFNE\",\"image\":{\"@type\":\"ImageObject\",\"inLanguage\":\"es\",\"@id\":\"https:\/\/www.afne.org\/es\/#\/schema\/person\/image\/\",\"url\":\"https:\/\/secure.gravatar.com\/avatar\/9541820186e605ece9284dfbd313e884dbda00c1f15052bcf86196bec2e456f2?s=96&d=mm&r=g\",\"contentUrl\":\"https:\/\/secure.gravatar.com\/avatar\/9541820186e605ece9284dfbd313e884dbda00c1f15052bcf86196bec2e456f2?s=96&d=mm&r=g\",\"caption\":\"AFNE\"}}]}<\/script>\n<!-- \/ Yoast SEO plugin. -->","yoast_head_json":{"title":"Noticias de Muketuri - AFNE","robots":{"index":"index","follow":"follow","max-snippet":"max-snippet:-1","max-image-preview":"max-image-preview:large","max-video-preview":"max-video-preview:-1"},"canonical":"https:\/\/www.afne.org\/es\/2025\/12\/noticias-de-muketuri\/","og_locale":"es_ES","og_type":"article","og_title":"Noticias de Muketuri - AFNE","og_description":"El regreso a las aulas se ha producido de manera progresiva: pese a la apertura oficial a mediados de mes, fue el 29 de septiembre cuando se complet\u00f3 la incorporaci\u00f3n de los 380 alumnos que forman parte del centro este curso","og_url":"https:\/\/www.afne.org\/es\/2025\/12\/noticias-de-muketuri\/","og_site_name":"AFNE","article_publisher":"https:\/\/www.facebook.com\/afne.org","article_published_time":"2025-12-23T11:15:35+00:00","article_modified_time":"2026-04-13T06:32:23+00:00","og_image":[{"width":1600,"height":1200,"url":"https:\/\/www.afne.org\/wp-content\/uploads\/2025\/12\/WhatsApp-Image-2025-11-03-at-12.10.44-1.jpeg","type":"image\/jpeg"}],"author":"AFNE","twitter_card":"summary_large_image","twitter_misc":{"Escrito por":"AFNE","Tiempo de lectura":"2 minutos"},"schema":{"@context":"https:\/\/schema.org","@graph":[{"@type":"Article","@id":"https:\/\/www.afne.org\/es\/2025\/12\/noticias-de-muketuri\/#article","isPartOf":{"@id":"https:\/\/www.afne.org\/es\/2025\/12\/noticias-de-muketuri\/"},"author":{"name":"AFNE","@id":"https:\/\/www.afne.org\/es\/#\/schema\/person\/e116023e15e6a7392559dbe3d12e63e4"},"headline":"Noticias de Muketuri","datePublished":"2025-12-23T11:15:35+00:00","dateModified":"2026-04-13T06:32:23+00:00","mainEntityOfPage":{"@id":"https:\/\/www.afne.org\/es\/2025\/12\/noticias-de-muketuri\/"},"wordCount":448,"publisher":{"@id":"https:\/\/www.afne.org\/es\/#organization"},"image":{"@id":"https:\/\/www.afne.org\/es\/2025\/12\/noticias-de-muketuri\/#primaryimage"},"thumbnailUrl":"https:\/\/www.afne.org\/wp-content\/uploads\/2025\/12\/WhatsApp-Image-2025-11-03-at-12.10.44-1.jpeg","keywords":["Etiop\u00eda en Positivo"],"articleSection":["Art\u00edculos","Destacat 3","Eti\u00f2pia","Noticias"],"inLanguage":"es"},{"@type":"WebPage","@id":"https:\/\/www.afne.org\/es\/2025\/12\/noticias-de-muketuri\/","url":"https:\/\/www.afne.org\/es\/2025\/12\/noticias-de-muketuri\/","name":"Noticias de Muketuri - AFNE","isPartOf":{"@id":"https:\/\/www.afne.org\/es\/#website"},"primaryImageOfPage":{"@id":"https:\/\/www.afne.org\/es\/2025\/12\/noticias-de-muketuri\/#primaryimage"},"image":{"@id":"https:\/\/www.afne.org\/es\/2025\/12\/noticias-de-muketuri\/#primaryimage"},"thumbnailUrl":"https:\/\/www.afne.org\/wp-content\/uploads\/2025\/12\/WhatsApp-Image-2025-11-03-at-12.10.44-1.jpeg","datePublished":"2025-12-23T11:15:35+00:00","dateModified":"2026-04-13T06:32:23+00:00","breadcrumb":{"@id":"https:\/\/www.afne.org\/es\/2025\/12\/noticias-de-muketuri\/#breadcrumb"},"inLanguage":"es","potentialAction":[{"@type":"ReadAction","target":["https:\/\/www.afne.org\/es\/2025\/12\/noticias-de-muketuri\/"]}]},{"@type":"ImageObject","inLanguage":"es","@id":"https:\/\/www.afne.org\/es\/2025\/12\/noticias-de-muketuri\/#primaryimage","url":"https:\/\/www.afne.org\/wp-content\/uploads\/2025\/12\/WhatsApp-Image-2025-11-03-at-12.10.44-1.jpeg","contentUrl":"https:\/\/www.afne.org\/wp-content\/uploads\/2025\/12\/WhatsApp-Image-2025-11-03-at-12.10.44-1.jpeg","width":1600,"height":1200},{"@type":"BreadcrumbList","@id":"https:\/\/www.afne.org\/es\/2025\/12\/noticias-de-muketuri\/#breadcrumb","itemListElement":[{"@type":"ListItem","position":1,"name":"Inici","item":"https:\/\/www.afne.org\/es\/"},{"@type":"ListItem","position":2,"name":"Noticias de Muketuri"}]},{"@type":"WebSite","@id":"https:\/\/www.afne.org\/es\/#website","url":"https:\/\/www.afne.org\/es\/","name":"AFNE","description":"Units a Eti\u00f2pia","publisher":{"@id":"https:\/\/www.afne.org\/es\/#organization"},"potentialAction":[{"@type":"SearchAction","target":{"@type":"EntryPoint","urlTemplate":"https:\/\/www.afne.org\/es\/?s={search_term_string}"},"query-input":{"@type":"PropertyValueSpecification","valueRequired":true,"valueName":"search_term_string"}}],"inLanguage":"es"},{"@type":"Organization","@id":"https:\/\/www.afne.org\/es\/#organization","name":"Associaci\u00f3 de Fam\u00edlies de Nens i Nenes d\u2019Eti\u00f2pia","url":"https:\/\/www.afne.org\/es\/","logo":{"@type":"ImageObject","inLanguage":"es","@id":"https:\/\/www.afne.org\/es\/#\/schema\/logo\/image\/","url":"https:\/\/www.afne.org\/wp-content\/uploads\/2025\/07\/logotip-afne.png","contentUrl":"https:\/\/www.afne.org\/wp-content\/uploads\/2025\/07\/logotip-afne.png","width":200,"height":48,"caption":"Associaci\u00f3 de Fam\u00edlies de Nens i Nenes d\u2019Eti\u00f2pia"},"image":{"@id":"https:\/\/www.afne.org\/es\/#\/schema\/logo\/image\/"},"sameAs":["https:\/\/www.facebook.com\/afne.org","https:\/\/www.instagram.com\/afne_etiopia\/","https:\/\/www.youtube.com\/channel\/UCh-2Vrtq80T4SbmHu0u1Beg","https:\/\/api.whatsapp.com\/message\/M2WZK3UT5QBFH1?autoload=1&app_absent=0"]},{"@type":"Person","@id":"https:\/\/www.afne.org\/es\/#\/schema\/person\/e116023e15e6a7392559dbe3d12e63e4","name":"AFNE","image":{"@type":"ImageObject","inLanguage":"es","@id":"https:\/\/www.afne.org\/es\/#\/schema\/person\/image\/","url":"https:\/\/secure.gravatar.com\/avatar\/9541820186e605ece9284dfbd313e884dbda00c1f15052bcf86196bec2e456f2?s=96&d=mm&r=g","contentUrl":"https:\/\/secure.gravatar.com\/avatar\/9541820186e605ece9284dfbd313e884dbda00c1f15052bcf86196bec2e456f2?s=96&d=mm&r=g","caption":"AFNE"}}]}},"_links":{"self":[{"href":"https:\/\/www.afne.org\/es\/wp-json\/wp\/v2\/posts\/26148","targetHints":{"allow":["GET"]}}],"collection":[{"href":"https:\/\/www.afne.org\/es\/wp-json\/wp\/v2\/posts"}],"about":[{"href":"https:\/\/www.afne.org\/es\/wp-json\/wp\/v2\/types\/post"}],"author":[{"embeddable":true,"href":"https:\/\/www.afne.org\/es\/wp-json\/wp\/v2\/users\/3"}],"replies":[{"embeddable":true,"href":"https:\/\/www.afne.org\/es\/wp-json\/wp\/v2\/comments?post=26148"}],"version-history":[{"count":2,"href":"https:\/\/www.afne.org\/es\/wp-json\/wp\/v2\/posts\/26148\/revisions"}],"predecessor-version":[{"id":26173,"href":"https:\/\/www.afne.org\/es\/wp-json\/wp\/v2\/posts\/26148\/revisions\/26173"}],"wp:featuredmedia":[{"embeddable":true,"href":"https:\/\/www.afne.org\/es\/wp-json\/wp\/v2\/media\/26113"}],"wp:attachment":[{"href":"https:\/\/www.afne.org\/es\/wp-json\/wp\/v2\/media?parent=26148"}],"wp:term":[{"taxonomy":"category","embeddable":true,"href":"https:\/\/www.afne.org\/es\/wp-json\/wp\/v2\/categories?post=26148"},{"taxonomy":"post_tag","embeddable":true,"href":"https:\/\/www.afne.org\/es\/wp-json\/wp\/v2\/tags?post=26148"}],"curies":[{"name":"wp","href":"https:\/\/api.w.org\/{rel}","templated":true}]}}