{"id":25944,"date":"2025-12-19T19:48:25","date_gmt":"2025-12-19T18:48:25","guid":{"rendered":"https:\/\/www.afne.org\/2025\/12\/talleres-de-cocina-etiope\/"},"modified":"2026-04-13T08:32:22","modified_gmt":"2026-04-13T06:32:22","slug":"talleres-de-cocina-etiope","status":"publish","type":"post","link":"https:\/\/www.afne.org\/es\/2025\/12\/talleres-de-cocina-etiope\/","title":{"rendered":"Talleres de cocina et\u00edope"},"content":{"rendered":"\n<p style=\"margin-top:0px;margin-right:35px;margin-bottom:0px;margin-left:35px\">Este \u00faltimo trimestre realizamos dos talleres de cocina et\u00edope en la Casa Elizalde (Barcelona).<br\/>Ambos presenciales y gratuitos.<\/p>\n\n<p style=\"margin-top:0px;margin-right:35px;margin-bottom:0px;margin-left:35px\">El primero fue impartido por Fatuma y Tuatxo.<\/p>\n\n<p><\/p>\n\n<div class=\"wp-block-columns is-layout-flex wp-container-core-columns-is-layout-28f84493 wp-block-columns-is-layout-flex\">\n<div class=\"wp-block-column is-layout-flow wp-block-column-is-layout-flow\">\n<figure class=\"wp-block-image size-full\"><img fetchpriority=\"high\" decoding=\"async\" width=\"500\" height=\"500\" src=\"https:\/\/www.afne.org\/wp-content\/uploads\/2025\/12\/5-3.png\" alt=\"\" class=\"wp-image-25892\" srcset=\"https:\/\/www.afne.org\/wp-content\/uploads\/2025\/12\/5-3.png 500w, https:\/\/www.afne.org\/wp-content\/uploads\/2025\/12\/5-3-300x300.png 300w, https:\/\/www.afne.org\/wp-content\/uploads\/2025\/12\/5-3-150x150.png 150w\" sizes=\"(max-width: 500px) 100vw, 500px\" \/><\/figure>\n<\/div>\n\n\n\n<div class=\"wp-block-column is-layout-flow wp-block-column-is-layout-flow\">\n<figure class=\"wp-block-image size-full\"><img decoding=\"async\" width=\"500\" height=\"500\" src=\"https:\/\/www.afne.org\/wp-content\/uploads\/2025\/12\/6-3.png\" alt=\"\" class=\"wp-image-25898\" srcset=\"https:\/\/www.afne.org\/wp-content\/uploads\/2025\/12\/6-3.png 500w, https:\/\/www.afne.org\/wp-content\/uploads\/2025\/12\/6-3-300x300.png 300w, https:\/\/www.afne.org\/wp-content\/uploads\/2025\/12\/6-3-150x150.png 150w\" sizes=\"(max-width: 500px) 100vw, 500px\" \/><\/figure>\n<\/div>\n\n\n\n<div class=\"wp-block-column is-layout-flow wp-block-column-is-layout-flow\">\n<figure class=\"wp-block-image size-full\"><img decoding=\"async\" width=\"500\" height=\"500\" src=\"https:\/\/www.afne.org\/wp-content\/uploads\/2025\/12\/8-2.png\" alt=\"\" class=\"wp-image-25885\" srcset=\"https:\/\/www.afne.org\/wp-content\/uploads\/2025\/12\/8-2.png 500w, https:\/\/www.afne.org\/wp-content\/uploads\/2025\/12\/8-2-300x300.png 300w, https:\/\/www.afne.org\/wp-content\/uploads\/2025\/12\/8-2-150x150.png 150w\" sizes=\"(max-width: 500px) 100vw, 500px\" \/><\/figure>\n<\/div>\n<\/div>\n\n<div class=\"wp-block-columns is-layout-flex wp-container-core-columns-is-layout-28f84493 wp-block-columns-is-layout-flex\">\n<div class=\"wp-block-column is-layout-flow wp-block-column-is-layout-flow\">\n<div class=\"wp-block-columns is-layout-flex wp-container-core-columns-is-layout-28f84493 wp-block-columns-is-layout-flex\">\n<div class=\"wp-block-column is-layout-flow wp-block-column-is-layout-flow\">\n<p>Y el segundo A cargo de Tuatxo de Gursha<\/p>\n<\/div>\n<\/div>\n<\/div>\n<\/div>\n\n<div class=\"wp-block-columns is-layout-flex wp-container-core-columns-is-layout-28f84493 wp-block-columns-is-layout-flex\">\n<div class=\"wp-block-column is-layout-flow wp-block-column-is-layout-flow\">\n<figure class=\"wp-block-image size-full\"><img loading=\"lazy\" decoding=\"async\" width=\"500\" height=\"500\" src=\"https:\/\/www.afne.org\/wp-content\/uploads\/2025\/12\/1.png\" alt=\"\" class=\"wp-image-25907\" srcset=\"https:\/\/www.afne.org\/wp-content\/uploads\/2025\/12\/1.png 500w, https:\/\/www.afne.org\/wp-content\/uploads\/2025\/12\/1-300x300.png 300w, https:\/\/www.afne.org\/wp-content\/uploads\/2025\/12\/1-150x150.png 150w\" sizes=\"(max-width: 500px) 100vw, 500px\" \/><\/figure>\n<\/div>\n\n\n\n<div class=\"wp-block-column is-layout-flow wp-block-column-is-layout-flow\">\n<figure class=\"wp-block-image size-full\"><img loading=\"lazy\" decoding=\"async\" width=\"500\" height=\"500\" src=\"https:\/\/www.afne.org\/wp-content\/uploads\/2025\/12\/2.png\" alt=\"\" class=\"wp-image-25910\" srcset=\"https:\/\/www.afne.org\/wp-content\/uploads\/2025\/12\/2.png 500w, https:\/\/www.afne.org\/wp-content\/uploads\/2025\/12\/2-300x300.png 300w, https:\/\/www.afne.org\/wp-content\/uploads\/2025\/12\/2-150x150.png 150w\" sizes=\"(max-width: 500px) 100vw, 500px\" \/><\/figure>\n<\/div>\n\n\n\n<div class=\"wp-block-column is-layout-flow wp-block-column-is-layout-flow\">\n<figure class=\"wp-block-image size-full\"><img loading=\"lazy\" decoding=\"async\" width=\"500\" height=\"500\" src=\"https:\/\/www.afne.org\/wp-content\/uploads\/2025\/12\/3.png\" alt=\"\" class=\"wp-image-25913\" srcset=\"https:\/\/www.afne.org\/wp-content\/uploads\/2025\/12\/3.png 500w, https:\/\/www.afne.org\/wp-content\/uploads\/2025\/12\/3-300x300.png 300w, https:\/\/www.afne.org\/wp-content\/uploads\/2025\/12\/3-150x150.png 150w\" sizes=\"(max-width: 500px) 100vw, 500px\" \/><\/figure>\n<\/div>\n<\/div>\n\n<p style=\"margin-right:35px;margin-left:35px\">El taller de noviembre cont\u00f3 con la asistencia de familias y j\u00f3venes, mientras que el de diciembre tuvo una mayor\u00eda de j\u00f3venes participantes.<\/p>\n\n<p style=\"border-right-style:none;border-right-width:0px;border-left-style:none;border-left-width:0px;margin-right:35px;margin-left:35px\">Tots dos es van dur a terme a la\u00a0<strong>Casa Elizalde<\/strong>\u00a0i han estat possibles gr\u00e0cies al suport de les\u00a0<strong>persones associades<\/strong>\u00a0i de l\u2019<strong>Institut Catal\u00e0 de l\u2019Acolliment i l\u2019Adopci\u00f3\u00a0de la Generalitat de Catalunya.<\/strong><\/p>\n\n<p><\/p>\n","protected":false},"excerpt":{"rendered":"<p>Este \u00faltimo trimestre realizamos dos talleres de cocina et\u00edope en la Casa Elizalde (Barcelona).<br \/>\nAmbos presenciales y gratuitos.<\/p>\n","protected":false},"author":3,"featured_media":25903,"comment_status":"closed","ping_status":"closed","sticky":false,"template":"","format":"standard","meta":{"_acf_changed":false,"footnotes":""},"categories":[529,1030,1029,1054],"tags":[1056,1055],"class_list":["post-25944","post","type-post","status-publish","format-standard","has-post-thumbnail","hentry","category-activitats-2","category-etiopia-es","category-noticias","category-talleres-de-cocina","tag-gursha","tag-talleres-de-cocina"],"acf":[],"yoast_head":"<!-- This site is optimized with the Yoast SEO plugin v26.4 - https:\/\/yoast.com\/wordpress\/plugins\/seo\/ -->\n<title>Talleres de cocina et\u00edope - AFNE<\/title>\n<meta name=\"robots\" content=\"index, follow, max-snippet:-1, max-image-preview:large, max-video-preview:-1\" \/>\n<link rel=\"canonical\" href=\"https:\/\/www.afne.org\/es\/2025\/12\/talleres-de-cocina-etiope\/\" \/>\n<meta property=\"og:locale\" content=\"es_ES\" \/>\n<meta property=\"og:type\" content=\"article\" \/>\n<meta property=\"og:title\" content=\"Talleres de cocina et\u00edope - AFNE\" \/>\n<meta property=\"og:description\" content=\"Este \u00faltimo trimestre realizamos dos talleres de cocina et\u00edope en la Casa Elizalde (Barcelona). Ambos presenciales y gratuitos.\" \/>\n<meta property=\"og:url\" content=\"https:\/\/www.afne.org\/es\/2025\/12\/talleres-de-cocina-etiope\/\" \/>\n<meta property=\"og:site_name\" content=\"AFNE\" \/>\n<meta property=\"article:publisher\" content=\"https:\/\/www.facebook.com\/afne.org\" \/>\n<meta property=\"article:published_time\" content=\"2025-12-19T18:48:25+00:00\" \/>\n<meta property=\"article:modified_time\" content=\"2026-04-13T06:32:22+00:00\" \/>\n<meta property=\"og:image\" content=\"https:\/\/www.afne.org\/wp-content\/uploads\/2025\/12\/7-2.png\" \/>\n\t<meta property=\"og:image:width\" content=\"500\" \/>\n\t<meta property=\"og:image:height\" content=\"500\" \/>\n\t<meta property=\"og:image:type\" content=\"image\/png\" \/>\n<meta name=\"author\" content=\"AFNE\" \/>\n<meta name=\"twitter:card\" content=\"summary_large_image\" \/>\n<meta name=\"twitter:label1\" content=\"Escrito por\" \/>\n\t<meta name=\"twitter:data1\" content=\"AFNE\" \/>\n\t<meta name=\"twitter:label2\" content=\"Tiempo de lectura\" \/>\n\t<meta name=\"twitter:data2\" content=\"1 minuto\" \/>\n<script type=\"application\/ld+json\" class=\"yoast-schema-graph\">{\"@context\":\"https:\/\/schema.org\",\"@graph\":[{\"@type\":\"Article\",\"@id\":\"https:\/\/www.afne.org\/es\/2025\/12\/talleres-de-cocina-etiope\/#article\",\"isPartOf\":{\"@id\":\"https:\/\/www.afne.org\/es\/2025\/12\/talleres-de-cocina-etiope\/\"},\"author\":{\"name\":\"AFNE\",\"@id\":\"https:\/\/www.afne.org\/es\/#\/schema\/person\/e116023e15e6a7392559dbe3d12e63e4\"},\"headline\":\"Talleres de cocina et\u00edope\",\"datePublished\":\"2025-12-19T18:48:25+00:00\",\"dateModified\":\"2026-04-13T06:32:22+00:00\",\"mainEntityOfPage\":{\"@id\":\"https:\/\/www.afne.org\/es\/2025\/12\/talleres-de-cocina-etiope\/\"},\"wordCount\":106,\"publisher\":{\"@id\":\"https:\/\/www.afne.org\/es\/#organization\"},\"image\":{\"@id\":\"https:\/\/www.afne.org\/es\/2025\/12\/talleres-de-cocina-etiope\/#primaryimage\"},\"thumbnailUrl\":\"https:\/\/www.afne.org\/wp-content\/uploads\/2025\/12\/7-2.png\",\"keywords\":[\"GURSHA\",\"TALLERES DE COCINA\"],\"articleSection\":[\"Actividades\",\"Eti\u00f2pia\",\"Noticias\",\"Talleres de cocina\"],\"inLanguage\":\"es\"},{\"@type\":\"WebPage\",\"@id\":\"https:\/\/www.afne.org\/es\/2025\/12\/talleres-de-cocina-etiope\/\",\"url\":\"https:\/\/www.afne.org\/es\/2025\/12\/talleres-de-cocina-etiope\/\",\"name\":\"Talleres de cocina et\u00edope - AFNE\",\"isPartOf\":{\"@id\":\"https:\/\/www.afne.org\/es\/#website\"},\"primaryImageOfPage\":{\"@id\":\"https:\/\/www.afne.org\/es\/2025\/12\/talleres-de-cocina-etiope\/#primaryimage\"},\"image\":{\"@id\":\"https:\/\/www.afne.org\/es\/2025\/12\/talleres-de-cocina-etiope\/#primaryimage\"},\"thumbnailUrl\":\"https:\/\/www.afne.org\/wp-content\/uploads\/2025\/12\/7-2.png\",\"datePublished\":\"2025-12-19T18:48:25+00:00\",\"dateModified\":\"2026-04-13T06:32:22+00:00\",\"breadcrumb\":{\"@id\":\"https:\/\/www.afne.org\/es\/2025\/12\/talleres-de-cocina-etiope\/#breadcrumb\"},\"inLanguage\":\"es\",\"potentialAction\":[{\"@type\":\"ReadAction\",\"target\":[\"https:\/\/www.afne.org\/es\/2025\/12\/talleres-de-cocina-etiope\/\"]}]},{\"@type\":\"ImageObject\",\"inLanguage\":\"es\",\"@id\":\"https:\/\/www.afne.org\/es\/2025\/12\/talleres-de-cocina-etiope\/#primaryimage\",\"url\":\"https:\/\/www.afne.org\/wp-content\/uploads\/2025\/12\/7-2.png\",\"contentUrl\":\"https:\/\/www.afne.org\/wp-content\/uploads\/2025\/12\/7-2.png\",\"width\":500,\"height\":500},{\"@type\":\"BreadcrumbList\",\"@id\":\"https:\/\/www.afne.org\/es\/2025\/12\/talleres-de-cocina-etiope\/#breadcrumb\",\"itemListElement\":[{\"@type\":\"ListItem\",\"position\":1,\"name\":\"Inici\",\"item\":\"https:\/\/www.afne.org\/es\/\"},{\"@type\":\"ListItem\",\"position\":2,\"name\":\"Talleres de cocina et\u00edope\"}]},{\"@type\":\"WebSite\",\"@id\":\"https:\/\/www.afne.org\/es\/#website\",\"url\":\"https:\/\/www.afne.org\/es\/\",\"name\":\"AFNE\",\"description\":\"Units a Eti\u00f2pia\",\"publisher\":{\"@id\":\"https:\/\/www.afne.org\/es\/#organization\"},\"potentialAction\":[{\"@type\":\"SearchAction\",\"target\":{\"@type\":\"EntryPoint\",\"urlTemplate\":\"https:\/\/www.afne.org\/es\/?s={search_term_string}\"},\"query-input\":{\"@type\":\"PropertyValueSpecification\",\"valueRequired\":true,\"valueName\":\"search_term_string\"}}],\"inLanguage\":\"es\"},{\"@type\":\"Organization\",\"@id\":\"https:\/\/www.afne.org\/es\/#organization\",\"name\":\"Associaci\u00f3 de Fam\u00edlies de Nens i Nenes d\u2019Eti\u00f2pia\",\"url\":\"https:\/\/www.afne.org\/es\/\",\"logo\":{\"@type\":\"ImageObject\",\"inLanguage\":\"es\",\"@id\":\"https:\/\/www.afne.org\/es\/#\/schema\/logo\/image\/\",\"url\":\"https:\/\/www.afne.org\/wp-content\/uploads\/2025\/07\/logotip-afne.png\",\"contentUrl\":\"https:\/\/www.afne.org\/wp-content\/uploads\/2025\/07\/logotip-afne.png\",\"width\":200,\"height\":48,\"caption\":\"Associaci\u00f3 de Fam\u00edlies de Nens i Nenes d\u2019Eti\u00f2pia\"},\"image\":{\"@id\":\"https:\/\/www.afne.org\/es\/#\/schema\/logo\/image\/\"},\"sameAs\":[\"https:\/\/www.facebook.com\/afne.org\",\"https:\/\/www.instagram.com\/afne_etiopia\/\",\"https:\/\/www.youtube.com\/channel\/UCh-2Vrtq80T4SbmHu0u1Beg\",\"https:\/\/api.whatsapp.com\/message\/M2WZK3UT5QBFH1?autoload=1&app_absent=0\"]},{\"@type\":\"Person\",\"@id\":\"https:\/\/www.afne.org\/es\/#\/schema\/person\/e116023e15e6a7392559dbe3d12e63e4\",\"name\":\"AFNE\",\"image\":{\"@type\":\"ImageObject\",\"inLanguage\":\"es\",\"@id\":\"https:\/\/www.afne.org\/es\/#\/schema\/person\/image\/\",\"url\":\"https:\/\/secure.gravatar.com\/avatar\/9541820186e605ece9284dfbd313e884dbda00c1f15052bcf86196bec2e456f2?s=96&d=mm&r=g\",\"contentUrl\":\"https:\/\/secure.gravatar.com\/avatar\/9541820186e605ece9284dfbd313e884dbda00c1f15052bcf86196bec2e456f2?s=96&d=mm&r=g\",\"caption\":\"AFNE\"}}]}<\/script>\n<!-- \/ Yoast SEO plugin. -->","yoast_head_json":{"title":"Talleres de cocina et\u00edope - AFNE","robots":{"index":"index","follow":"follow","max-snippet":"max-snippet:-1","max-image-preview":"max-image-preview:large","max-video-preview":"max-video-preview:-1"},"canonical":"https:\/\/www.afne.org\/es\/2025\/12\/talleres-de-cocina-etiope\/","og_locale":"es_ES","og_type":"article","og_title":"Talleres de cocina et\u00edope - AFNE","og_description":"Este \u00faltimo trimestre realizamos dos talleres de cocina et\u00edope en la Casa Elizalde (Barcelona). Ambos presenciales y gratuitos.","og_url":"https:\/\/www.afne.org\/es\/2025\/12\/talleres-de-cocina-etiope\/","og_site_name":"AFNE","article_publisher":"https:\/\/www.facebook.com\/afne.org","article_published_time":"2025-12-19T18:48:25+00:00","article_modified_time":"2026-04-13T06:32:22+00:00","og_image":[{"width":500,"height":500,"url":"https:\/\/www.afne.org\/wp-content\/uploads\/2025\/12\/7-2.png","type":"image\/png"}],"author":"AFNE","twitter_card":"summary_large_image","twitter_misc":{"Escrito por":"AFNE","Tiempo de lectura":"1 minuto"},"schema":{"@context":"https:\/\/schema.org","@graph":[{"@type":"Article","@id":"https:\/\/www.afne.org\/es\/2025\/12\/talleres-de-cocina-etiope\/#article","isPartOf":{"@id":"https:\/\/www.afne.org\/es\/2025\/12\/talleres-de-cocina-etiope\/"},"author":{"name":"AFNE","@id":"https:\/\/www.afne.org\/es\/#\/schema\/person\/e116023e15e6a7392559dbe3d12e63e4"},"headline":"Talleres de cocina et\u00edope","datePublished":"2025-12-19T18:48:25+00:00","dateModified":"2026-04-13T06:32:22+00:00","mainEntityOfPage":{"@id":"https:\/\/www.afne.org\/es\/2025\/12\/talleres-de-cocina-etiope\/"},"wordCount":106,"publisher":{"@id":"https:\/\/www.afne.org\/es\/#organization"},"image":{"@id":"https:\/\/www.afne.org\/es\/2025\/12\/talleres-de-cocina-etiope\/#primaryimage"},"thumbnailUrl":"https:\/\/www.afne.org\/wp-content\/uploads\/2025\/12\/7-2.png","keywords":["GURSHA","TALLERES DE COCINA"],"articleSection":["Actividades","Eti\u00f2pia","Noticias","Talleres de cocina"],"inLanguage":"es"},{"@type":"WebPage","@id":"https:\/\/www.afne.org\/es\/2025\/12\/talleres-de-cocina-etiope\/","url":"https:\/\/www.afne.org\/es\/2025\/12\/talleres-de-cocina-etiope\/","name":"Talleres de cocina et\u00edope - AFNE","isPartOf":{"@id":"https:\/\/www.afne.org\/es\/#website"},"primaryImageOfPage":{"@id":"https:\/\/www.afne.org\/es\/2025\/12\/talleres-de-cocina-etiope\/#primaryimage"},"image":{"@id":"https:\/\/www.afne.org\/es\/2025\/12\/talleres-de-cocina-etiope\/#primaryimage"},"thumbnailUrl":"https:\/\/www.afne.org\/wp-content\/uploads\/2025\/12\/7-2.png","datePublished":"2025-12-19T18:48:25+00:00","dateModified":"2026-04-13T06:32:22+00:00","breadcrumb":{"@id":"https:\/\/www.afne.org\/es\/2025\/12\/talleres-de-cocina-etiope\/#breadcrumb"},"inLanguage":"es","potentialAction":[{"@type":"ReadAction","target":["https:\/\/www.afne.org\/es\/2025\/12\/talleres-de-cocina-etiope\/"]}]},{"@type":"ImageObject","inLanguage":"es","@id":"https:\/\/www.afne.org\/es\/2025\/12\/talleres-de-cocina-etiope\/#primaryimage","url":"https:\/\/www.afne.org\/wp-content\/uploads\/2025\/12\/7-2.png","contentUrl":"https:\/\/www.afne.org\/wp-content\/uploads\/2025\/12\/7-2.png","width":500,"height":500},{"@type":"BreadcrumbList","@id":"https:\/\/www.afne.org\/es\/2025\/12\/talleres-de-cocina-etiope\/#breadcrumb","itemListElement":[{"@type":"ListItem","position":1,"name":"Inici","item":"https:\/\/www.afne.org\/es\/"},{"@type":"ListItem","position":2,"name":"Talleres de cocina et\u00edope"}]},{"@type":"WebSite","@id":"https:\/\/www.afne.org\/es\/#website","url":"https:\/\/www.afne.org\/es\/","name":"AFNE","description":"Units a Eti\u00f2pia","publisher":{"@id":"https:\/\/www.afne.org\/es\/#organization"},"potentialAction":[{"@type":"SearchAction","target":{"@type":"EntryPoint","urlTemplate":"https:\/\/www.afne.org\/es\/?s={search_term_string}"},"query-input":{"@type":"PropertyValueSpecification","valueRequired":true,"valueName":"search_term_string"}}],"inLanguage":"es"},{"@type":"Organization","@id":"https:\/\/www.afne.org\/es\/#organization","name":"Associaci\u00f3 de Fam\u00edlies de Nens i Nenes d\u2019Eti\u00f2pia","url":"https:\/\/www.afne.org\/es\/","logo":{"@type":"ImageObject","inLanguage":"es","@id":"https:\/\/www.afne.org\/es\/#\/schema\/logo\/image\/","url":"https:\/\/www.afne.org\/wp-content\/uploads\/2025\/07\/logotip-afne.png","contentUrl":"https:\/\/www.afne.org\/wp-content\/uploads\/2025\/07\/logotip-afne.png","width":200,"height":48,"caption":"Associaci\u00f3 de Fam\u00edlies de Nens i Nenes d\u2019Eti\u00f2pia"},"image":{"@id":"https:\/\/www.afne.org\/es\/#\/schema\/logo\/image\/"},"sameAs":["https:\/\/www.facebook.com\/afne.org","https:\/\/www.instagram.com\/afne_etiopia\/","https:\/\/www.youtube.com\/channel\/UCh-2Vrtq80T4SbmHu0u1Beg","https:\/\/api.whatsapp.com\/message\/M2WZK3UT5QBFH1?autoload=1&app_absent=0"]},{"@type":"Person","@id":"https:\/\/www.afne.org\/es\/#\/schema\/person\/e116023e15e6a7392559dbe3d12e63e4","name":"AFNE","image":{"@type":"ImageObject","inLanguage":"es","@id":"https:\/\/www.afne.org\/es\/#\/schema\/person\/image\/","url":"https:\/\/secure.gravatar.com\/avatar\/9541820186e605ece9284dfbd313e884dbda00c1f15052bcf86196bec2e456f2?s=96&d=mm&r=g","contentUrl":"https:\/\/secure.gravatar.com\/avatar\/9541820186e605ece9284dfbd313e884dbda00c1f15052bcf86196bec2e456f2?s=96&d=mm&r=g","caption":"AFNE"}}]}},"_links":{"self":[{"href":"https:\/\/www.afne.org\/es\/wp-json\/wp\/v2\/posts\/25944","targetHints":{"allow":["GET"]}}],"collection":[{"href":"https:\/\/www.afne.org\/es\/wp-json\/wp\/v2\/posts"}],"about":[{"href":"https:\/\/www.afne.org\/es\/wp-json\/wp\/v2\/types\/post"}],"author":[{"embeddable":true,"href":"https:\/\/www.afne.org\/es\/wp-json\/wp\/v2\/users\/3"}],"replies":[{"embeddable":true,"href":"https:\/\/www.afne.org\/es\/wp-json\/wp\/v2\/comments?post=25944"}],"version-history":[{"count":2,"href":"https:\/\/www.afne.org\/es\/wp-json\/wp\/v2\/posts\/25944\/revisions"}],"predecessor-version":[{"id":26549,"href":"https:\/\/www.afne.org\/es\/wp-json\/wp\/v2\/posts\/25944\/revisions\/26549"}],"wp:featuredmedia":[{"embeddable":true,"href":"https:\/\/www.afne.org\/es\/wp-json\/wp\/v2\/media\/25903"}],"wp:attachment":[{"href":"https:\/\/www.afne.org\/es\/wp-json\/wp\/v2\/media?parent=25944"}],"wp:term":[{"taxonomy":"category","embeddable":true,"href":"https:\/\/www.afne.org\/es\/wp-json\/wp\/v2\/categories?post=25944"},{"taxonomy":"post_tag","embeddable":true,"href":"https:\/\/www.afne.org\/es\/wp-json\/wp\/v2\/tags?post=25944"}],"curies":[{"name":"wp","href":"https:\/\/api.w.org\/{rel}","templated":true}]}}