{"id":25589,"date":"2025-10-31T16:37:38","date_gmt":"2025-10-31T15:37:38","guid":{"rendered":"https:\/\/www.afne.org\/2025\/10\/taller-de-acompanamiento-emocional-con-perros\/"},"modified":"2026-04-13T08:32:17","modified_gmt":"2026-04-13T06:32:17","slug":"taller-de-acompanamiento-emocional-con-perros","status":"publish","type":"post","link":"https:\/\/www.afne.org\/es\/2025\/10\/taller-de-acompanamiento-emocional-con-perros\/","title":{"rendered":"Taller de Acompa\u00f1amiento Emocional con Perros"},"content":{"rendered":"\n<div class=\"wp-block-columns is-layout-flex wp-container-core-columns-is-layout-28f84493 wp-block-columns-is-layout-flex\">\n<div class=\"wp-block-column is-layout-flow wp-block-column-is-layout-flow\"><\/div>\n\n\n\n<div class=\"wp-block-column is-layout-flow wp-block-column-is-layout-flow\"><\/div>\n<\/div>\n\n<div class=\"wp-block-columns is-layout-flex wp-container-core-columns-is-layout-28f84493 wp-block-columns-is-layout-flex\">\n<div class=\"wp-block-column is-layout-flow wp-block-column-is-layout-flow\">\n<figure class=\"wp-block-image size-large\"><img fetchpriority=\"high\" decoding=\"async\" width=\"1024\" height=\"726\" src=\"https:\/\/www.afne.org\/wp-content\/uploads\/2025\/10\/Personal-Photos-Photo-Card-in-Light-Blue-Modern-Style-1024x726.png\" alt=\"\" class=\"wp-image-25401\" srcset=\"https:\/\/www.afne.org\/wp-content\/uploads\/2025\/10\/Personal-Photos-Photo-Card-in-Light-Blue-Modern-Style-1024x726.png 1024w, https:\/\/www.afne.org\/wp-content\/uploads\/2025\/10\/Personal-Photos-Photo-Card-in-Light-Blue-Modern-Style-300x213.png 300w, https:\/\/www.afne.org\/wp-content\/uploads\/2025\/10\/Personal-Photos-Photo-Card-in-Light-Blue-Modern-Style-768x545.png 768w, https:\/\/www.afne.org\/wp-content\/uploads\/2025\/10\/Personal-Photos-Photo-Card-in-Light-Blue-Modern-Style-1536x1090.png 1536w, https:\/\/www.afne.org\/wp-content\/uploads\/2025\/10\/Personal-Photos-Photo-Card-in-Light-Blue-Modern-Style.png 1748w\" sizes=\"(max-width: 1024px) 100vw, 1024px\" \/><\/figure>\n<\/div>\n\n\n\n<div class=\"wp-block-column is-layout-flow wp-block-column-is-layout-flow\">\n<p class=\"has-text-align-left\">El pasado 4 de octubre de 2025 tuvo lugar la segunda sesi\u00f3n del Taller de acompa\u00f1amiento emocional con perros para j\u00f3venes y adolescentes adoptados o acogidos, organizado por AFNE con el apoyo del Institut Catal\u00e0 de l\u2019Acolliment i de l\u2019Adopci\u00f3.<\/p>\n\n\n\n<p class=\"has-text-align-left\">La actividad, dirigida por Oriol Vidal, psic\u00f3logo y adiestrador canino, y Silamlak Buendia, psic\u00f3logo especializado en el acompa\u00f1amiento a j\u00f3venes, cont\u00f3 con la presencia de tres maravillosos perros \u2014Sheti, Auria y Aimi\u2014 que ayudaron a crear un ambiente cercano, relajado y lleno de confianza.<\/p>\n\n\n\n<p class=\"has-text-align-left\"><\/p>\n<\/div>\n<\/div>\n\n<p class=\"has-text-align-left\">Los participantes pudieron compartir experiencias, emociones y momentos de conexi\u00f3n con los animales, trabajando aspectos como la comunicaci\u00f3n emocional, la gesti\u00f3n de las emociones y la autoestima<\/p>\n\n<p class=\"has-text-align-left\">La experiencia fue muy positiva, tanto para los j\u00f3venes como para los profesionales, y reforz\u00f3 el valor de la terapia asistida con perros como herramienta de acompa\u00f1amiento emocional.<\/p>\n\n<p class=\"has-text-align-left\">Desde AFNE queremos agradecer a todas las personas y entidades implicadas por hacer posible esta actividad tan enriquecedora, y especialmente a nuestros j\u00f3venes por su implicaci\u00f3n y entusiasmo.<\/p>\n\n<p><\/p>\n","protected":false},"excerpt":{"rendered":"<p>El pasado 4 de octubre de 2025 se celebr\u00f3 la segunda sesi\u00f3n del Taller de acompa\u00f1amiento emocional con perros para j\u00f3venes y adolescentes adoptados o acogidos, organizado por AFNE con el apoyo del Instituto Catal\u00e1n del Acogimiento y de la Adopci\u00f3n.<\/p>\n","protected":false},"author":3,"featured_media":25410,"comment_status":"closed","ping_status":"closed","sticky":false,"template":"","format":"standard","meta":{"_acf_changed":false,"footnotes":""},"categories":[1021,529,1020],"tags":[887,612],"class_list":["post-25589","post","type-post","status-publish","format-standard","has-post-thumbnail","hentry","category-acompanamiento-postadoptivo","category-activitats-2","category-talleres-de-formacion","tag-taller-emocional-con-perros-2","tag-talleres-2"],"acf":[],"yoast_head":"<!-- This site is optimized with the Yoast SEO plugin v26.4 - https:\/\/yoast.com\/wordpress\/plugins\/seo\/ -->\n<title>Taller de Acompa\u00f1amiento Emocional con Perros - AFNE<\/title>\n<meta name=\"robots\" content=\"index, follow, max-snippet:-1, max-image-preview:large, max-video-preview:-1\" \/>\n<link rel=\"canonical\" href=\"https:\/\/www.afne.org\/es\/2025\/10\/taller-de-acompanamiento-emocional-con-perros\/\" \/>\n<meta property=\"og:locale\" content=\"es_ES\" \/>\n<meta property=\"og:type\" content=\"article\" \/>\n<meta property=\"og:title\" content=\"Taller de Acompa\u00f1amiento Emocional con Perros - AFNE\" \/>\n<meta property=\"og:description\" content=\"El pasado 4 de octubre de 2025 se celebr\u00f3 la segunda sesi\u00f3n del Taller de acompa\u00f1amiento emocional con perros para j\u00f3venes y adolescentes adoptados o acogidos, organizado por AFNE con el apoyo del Instituto Catal\u00e1n del Acogimiento y de la Adopci\u00f3n.\" \/>\n<meta property=\"og:url\" content=\"https:\/\/www.afne.org\/es\/2025\/10\/taller-de-acompanamiento-emocional-con-perros\/\" \/>\n<meta property=\"og:site_name\" content=\"AFNE\" \/>\n<meta property=\"article:publisher\" content=\"https:\/\/www.facebook.com\/afne.org\" \/>\n<meta property=\"article:published_time\" content=\"2025-10-31T15:37:38+00:00\" \/>\n<meta property=\"article:modified_time\" content=\"2026-04-13T06:32:17+00:00\" \/>\n<meta property=\"og:image\" content=\"https:\/\/www.afne.org\/wp-content\/uploads\/2025\/10\/vacances-2023-1.png\" \/>\n\t<meta property=\"og:image:width\" content=\"1024\" \/>\n\t<meta property=\"og:image:height\" content=\"512\" \/>\n\t<meta property=\"og:image:type\" content=\"image\/png\" \/>\n<meta name=\"author\" content=\"AFNE\" \/>\n<meta name=\"twitter:card\" content=\"summary_large_image\" \/>\n<meta name=\"twitter:label1\" content=\"Escrito por\" \/>\n\t<meta name=\"twitter:data1\" content=\"AFNE\" \/>\n\t<meta name=\"twitter:label2\" content=\"Tiempo de lectura\" \/>\n\t<meta name=\"twitter:data2\" content=\"1 minuto\" \/>\n<script type=\"application\/ld+json\" class=\"yoast-schema-graph\">{\"@context\":\"https:\/\/schema.org\",\"@graph\":[{\"@type\":\"Article\",\"@id\":\"https:\/\/www.afne.org\/es\/2025\/10\/taller-de-acompanamiento-emocional-con-perros\/#article\",\"isPartOf\":{\"@id\":\"https:\/\/www.afne.org\/es\/2025\/10\/taller-de-acompanamiento-emocional-con-perros\/\"},\"author\":{\"name\":\"AFNE\",\"@id\":\"https:\/\/www.afne.org\/es\/#\/schema\/person\/e116023e15e6a7392559dbe3d12e63e4\"},\"headline\":\"Taller de Acompa\u00f1amiento Emocional con Perros\",\"datePublished\":\"2025-10-31T15:37:38+00:00\",\"dateModified\":\"2026-04-13T06:32:17+00:00\",\"mainEntityOfPage\":{\"@id\":\"https:\/\/www.afne.org\/es\/2025\/10\/taller-de-acompanamiento-emocional-con-perros\/\"},\"wordCount\":188,\"publisher\":{\"@id\":\"https:\/\/www.afne.org\/es\/#organization\"},\"image\":{\"@id\":\"https:\/\/www.afne.org\/es\/2025\/10\/taller-de-acompanamiento-emocional-con-perros\/#primaryimage\"},\"thumbnailUrl\":\"https:\/\/www.afne.org\/wp-content\/uploads\/2025\/10\/vacances-2023-1.png\",\"keywords\":[\"taller emocional con perros\",\"talleres\"],\"articleSection\":[\"Acompa\u00f1amiento postadoptivo\",\"Actividades\",\"Talleres de formaci\u00f3n\"],\"inLanguage\":\"es\"},{\"@type\":\"WebPage\",\"@id\":\"https:\/\/www.afne.org\/es\/2025\/10\/taller-de-acompanamiento-emocional-con-perros\/\",\"url\":\"https:\/\/www.afne.org\/es\/2025\/10\/taller-de-acompanamiento-emocional-con-perros\/\",\"name\":\"Taller de Acompa\u00f1amiento Emocional con Perros - AFNE\",\"isPartOf\":{\"@id\":\"https:\/\/www.afne.org\/es\/#website\"},\"primaryImageOfPage\":{\"@id\":\"https:\/\/www.afne.org\/es\/2025\/10\/taller-de-acompanamiento-emocional-con-perros\/#primaryimage\"},\"image\":{\"@id\":\"https:\/\/www.afne.org\/es\/2025\/10\/taller-de-acompanamiento-emocional-con-perros\/#primaryimage\"},\"thumbnailUrl\":\"https:\/\/www.afne.org\/wp-content\/uploads\/2025\/10\/vacances-2023-1.png\",\"datePublished\":\"2025-10-31T15:37:38+00:00\",\"dateModified\":\"2026-04-13T06:32:17+00:00\",\"breadcrumb\":{\"@id\":\"https:\/\/www.afne.org\/es\/2025\/10\/taller-de-acompanamiento-emocional-con-perros\/#breadcrumb\"},\"inLanguage\":\"es\",\"potentialAction\":[{\"@type\":\"ReadAction\",\"target\":[\"https:\/\/www.afne.org\/es\/2025\/10\/taller-de-acompanamiento-emocional-con-perros\/\"]}]},{\"@type\":\"ImageObject\",\"inLanguage\":\"es\",\"@id\":\"https:\/\/www.afne.org\/es\/2025\/10\/taller-de-acompanamiento-emocional-con-perros\/#primaryimage\",\"url\":\"https:\/\/www.afne.org\/wp-content\/uploads\/2025\/10\/vacances-2023-1.png\",\"contentUrl\":\"https:\/\/www.afne.org\/wp-content\/uploads\/2025\/10\/vacances-2023-1.png\",\"width\":1024,\"height\":512},{\"@type\":\"BreadcrumbList\",\"@id\":\"https:\/\/www.afne.org\/es\/2025\/10\/taller-de-acompanamiento-emocional-con-perros\/#breadcrumb\",\"itemListElement\":[{\"@type\":\"ListItem\",\"position\":1,\"name\":\"Inici\",\"item\":\"https:\/\/www.afne.org\/es\/\"},{\"@type\":\"ListItem\",\"position\":2,\"name\":\"Taller de Acompa\u00f1amiento Emocional con Perros\"}]},{\"@type\":\"WebSite\",\"@id\":\"https:\/\/www.afne.org\/es\/#website\",\"url\":\"https:\/\/www.afne.org\/es\/\",\"name\":\"AFNE\",\"description\":\"Units a Eti\u00f2pia\",\"publisher\":{\"@id\":\"https:\/\/www.afne.org\/es\/#organization\"},\"potentialAction\":[{\"@type\":\"SearchAction\",\"target\":{\"@type\":\"EntryPoint\",\"urlTemplate\":\"https:\/\/www.afne.org\/es\/?s={search_term_string}\"},\"query-input\":{\"@type\":\"PropertyValueSpecification\",\"valueRequired\":true,\"valueName\":\"search_term_string\"}}],\"inLanguage\":\"es\"},{\"@type\":\"Organization\",\"@id\":\"https:\/\/www.afne.org\/es\/#organization\",\"name\":\"Associaci\u00f3 de Fam\u00edlies de Nens i Nenes d\u2019Eti\u00f2pia\",\"url\":\"https:\/\/www.afne.org\/es\/\",\"logo\":{\"@type\":\"ImageObject\",\"inLanguage\":\"es\",\"@id\":\"https:\/\/www.afne.org\/es\/#\/schema\/logo\/image\/\",\"url\":\"https:\/\/www.afne.org\/wp-content\/uploads\/2025\/07\/logotip-afne.png\",\"contentUrl\":\"https:\/\/www.afne.org\/wp-content\/uploads\/2025\/07\/logotip-afne.png\",\"width\":200,\"height\":48,\"caption\":\"Associaci\u00f3 de Fam\u00edlies de Nens i Nenes d\u2019Eti\u00f2pia\"},\"image\":{\"@id\":\"https:\/\/www.afne.org\/es\/#\/schema\/logo\/image\/\"},\"sameAs\":[\"https:\/\/www.facebook.com\/afne.org\",\"https:\/\/www.instagram.com\/afne_etiopia\/\",\"https:\/\/www.youtube.com\/channel\/UCh-2Vrtq80T4SbmHu0u1Beg\",\"https:\/\/api.whatsapp.com\/message\/M2WZK3UT5QBFH1?autoload=1&app_absent=0\"]},{\"@type\":\"Person\",\"@id\":\"https:\/\/www.afne.org\/es\/#\/schema\/person\/e116023e15e6a7392559dbe3d12e63e4\",\"name\":\"AFNE\",\"image\":{\"@type\":\"ImageObject\",\"inLanguage\":\"es\",\"@id\":\"https:\/\/www.afne.org\/es\/#\/schema\/person\/image\/\",\"url\":\"https:\/\/secure.gravatar.com\/avatar\/9541820186e605ece9284dfbd313e884dbda00c1f15052bcf86196bec2e456f2?s=96&d=mm&r=g\",\"contentUrl\":\"https:\/\/secure.gravatar.com\/avatar\/9541820186e605ece9284dfbd313e884dbda00c1f15052bcf86196bec2e456f2?s=96&d=mm&r=g\",\"caption\":\"AFNE\"}}]}<\/script>\n<!-- \/ Yoast SEO plugin. -->","yoast_head_json":{"title":"Taller de Acompa\u00f1amiento Emocional con Perros - AFNE","robots":{"index":"index","follow":"follow","max-snippet":"max-snippet:-1","max-image-preview":"max-image-preview:large","max-video-preview":"max-video-preview:-1"},"canonical":"https:\/\/www.afne.org\/es\/2025\/10\/taller-de-acompanamiento-emocional-con-perros\/","og_locale":"es_ES","og_type":"article","og_title":"Taller de Acompa\u00f1amiento Emocional con Perros - AFNE","og_description":"El pasado 4 de octubre de 2025 se celebr\u00f3 la segunda sesi\u00f3n del Taller de acompa\u00f1amiento emocional con perros para j\u00f3venes y adolescentes adoptados o acogidos, organizado por AFNE con el apoyo del Instituto Catal\u00e1n del Acogimiento y de la Adopci\u00f3n.","og_url":"https:\/\/www.afne.org\/es\/2025\/10\/taller-de-acompanamiento-emocional-con-perros\/","og_site_name":"AFNE","article_publisher":"https:\/\/www.facebook.com\/afne.org","article_published_time":"2025-10-31T15:37:38+00:00","article_modified_time":"2026-04-13T06:32:17+00:00","og_image":[{"width":1024,"height":512,"url":"https:\/\/www.afne.org\/wp-content\/uploads\/2025\/10\/vacances-2023-1.png","type":"image\/png"}],"author":"AFNE","twitter_card":"summary_large_image","twitter_misc":{"Escrito por":"AFNE","Tiempo de lectura":"1 minuto"},"schema":{"@context":"https:\/\/schema.org","@graph":[{"@type":"Article","@id":"https:\/\/www.afne.org\/es\/2025\/10\/taller-de-acompanamiento-emocional-con-perros\/#article","isPartOf":{"@id":"https:\/\/www.afne.org\/es\/2025\/10\/taller-de-acompanamiento-emocional-con-perros\/"},"author":{"name":"AFNE","@id":"https:\/\/www.afne.org\/es\/#\/schema\/person\/e116023e15e6a7392559dbe3d12e63e4"},"headline":"Taller de Acompa\u00f1amiento Emocional con Perros","datePublished":"2025-10-31T15:37:38+00:00","dateModified":"2026-04-13T06:32:17+00:00","mainEntityOfPage":{"@id":"https:\/\/www.afne.org\/es\/2025\/10\/taller-de-acompanamiento-emocional-con-perros\/"},"wordCount":188,"publisher":{"@id":"https:\/\/www.afne.org\/es\/#organization"},"image":{"@id":"https:\/\/www.afne.org\/es\/2025\/10\/taller-de-acompanamiento-emocional-con-perros\/#primaryimage"},"thumbnailUrl":"https:\/\/www.afne.org\/wp-content\/uploads\/2025\/10\/vacances-2023-1.png","keywords":["taller emocional con perros","talleres"],"articleSection":["Acompa\u00f1amiento postadoptivo","Actividades","Talleres de formaci\u00f3n"],"inLanguage":"es"},{"@type":"WebPage","@id":"https:\/\/www.afne.org\/es\/2025\/10\/taller-de-acompanamiento-emocional-con-perros\/","url":"https:\/\/www.afne.org\/es\/2025\/10\/taller-de-acompanamiento-emocional-con-perros\/","name":"Taller de Acompa\u00f1amiento Emocional con Perros - AFNE","isPartOf":{"@id":"https:\/\/www.afne.org\/es\/#website"},"primaryImageOfPage":{"@id":"https:\/\/www.afne.org\/es\/2025\/10\/taller-de-acompanamiento-emocional-con-perros\/#primaryimage"},"image":{"@id":"https:\/\/www.afne.org\/es\/2025\/10\/taller-de-acompanamiento-emocional-con-perros\/#primaryimage"},"thumbnailUrl":"https:\/\/www.afne.org\/wp-content\/uploads\/2025\/10\/vacances-2023-1.png","datePublished":"2025-10-31T15:37:38+00:00","dateModified":"2026-04-13T06:32:17+00:00","breadcrumb":{"@id":"https:\/\/www.afne.org\/es\/2025\/10\/taller-de-acompanamiento-emocional-con-perros\/#breadcrumb"},"inLanguage":"es","potentialAction":[{"@type":"ReadAction","target":["https:\/\/www.afne.org\/es\/2025\/10\/taller-de-acompanamiento-emocional-con-perros\/"]}]},{"@type":"ImageObject","inLanguage":"es","@id":"https:\/\/www.afne.org\/es\/2025\/10\/taller-de-acompanamiento-emocional-con-perros\/#primaryimage","url":"https:\/\/www.afne.org\/wp-content\/uploads\/2025\/10\/vacances-2023-1.png","contentUrl":"https:\/\/www.afne.org\/wp-content\/uploads\/2025\/10\/vacances-2023-1.png","width":1024,"height":512},{"@type":"BreadcrumbList","@id":"https:\/\/www.afne.org\/es\/2025\/10\/taller-de-acompanamiento-emocional-con-perros\/#breadcrumb","itemListElement":[{"@type":"ListItem","position":1,"name":"Inici","item":"https:\/\/www.afne.org\/es\/"},{"@type":"ListItem","position":2,"name":"Taller de Acompa\u00f1amiento Emocional con Perros"}]},{"@type":"WebSite","@id":"https:\/\/www.afne.org\/es\/#website","url":"https:\/\/www.afne.org\/es\/","name":"AFNE","description":"Units a Eti\u00f2pia","publisher":{"@id":"https:\/\/www.afne.org\/es\/#organization"},"potentialAction":[{"@type":"SearchAction","target":{"@type":"EntryPoint","urlTemplate":"https:\/\/www.afne.org\/es\/?s={search_term_string}"},"query-input":{"@type":"PropertyValueSpecification","valueRequired":true,"valueName":"search_term_string"}}],"inLanguage":"es"},{"@type":"Organization","@id":"https:\/\/www.afne.org\/es\/#organization","name":"Associaci\u00f3 de Fam\u00edlies de Nens i Nenes d\u2019Eti\u00f2pia","url":"https:\/\/www.afne.org\/es\/","logo":{"@type":"ImageObject","inLanguage":"es","@id":"https:\/\/www.afne.org\/es\/#\/schema\/logo\/image\/","url":"https:\/\/www.afne.org\/wp-content\/uploads\/2025\/07\/logotip-afne.png","contentUrl":"https:\/\/www.afne.org\/wp-content\/uploads\/2025\/07\/logotip-afne.png","width":200,"height":48,"caption":"Associaci\u00f3 de Fam\u00edlies de Nens i Nenes d\u2019Eti\u00f2pia"},"image":{"@id":"https:\/\/www.afne.org\/es\/#\/schema\/logo\/image\/"},"sameAs":["https:\/\/www.facebook.com\/afne.org","https:\/\/www.instagram.com\/afne_etiopia\/","https:\/\/www.youtube.com\/channel\/UCh-2Vrtq80T4SbmHu0u1Beg","https:\/\/api.whatsapp.com\/message\/M2WZK3UT5QBFH1?autoload=1&app_absent=0"]},{"@type":"Person","@id":"https:\/\/www.afne.org\/es\/#\/schema\/person\/e116023e15e6a7392559dbe3d12e63e4","name":"AFNE","image":{"@type":"ImageObject","inLanguage":"es","@id":"https:\/\/www.afne.org\/es\/#\/schema\/person\/image\/","url":"https:\/\/secure.gravatar.com\/avatar\/9541820186e605ece9284dfbd313e884dbda00c1f15052bcf86196bec2e456f2?s=96&d=mm&r=g","contentUrl":"https:\/\/secure.gravatar.com\/avatar\/9541820186e605ece9284dfbd313e884dbda00c1f15052bcf86196bec2e456f2?s=96&d=mm&r=g","caption":"AFNE"}}]}},"_links":{"self":[{"href":"https:\/\/www.afne.org\/es\/wp-json\/wp\/v2\/posts\/25589","targetHints":{"allow":["GET"]}}],"collection":[{"href":"https:\/\/www.afne.org\/es\/wp-json\/wp\/v2\/posts"}],"about":[{"href":"https:\/\/www.afne.org\/es\/wp-json\/wp\/v2\/types\/post"}],"author":[{"embeddable":true,"href":"https:\/\/www.afne.org\/es\/wp-json\/wp\/v2\/users\/3"}],"replies":[{"embeddable":true,"href":"https:\/\/www.afne.org\/es\/wp-json\/wp\/v2\/comments?post=25589"}],"version-history":[{"count":3,"href":"https:\/\/www.afne.org\/es\/wp-json\/wp\/v2\/posts\/25589\/revisions"}],"predecessor-version":[{"id":26548,"href":"https:\/\/www.afne.org\/es\/wp-json\/wp\/v2\/posts\/25589\/revisions\/26548"}],"wp:featuredmedia":[{"embeddable":true,"href":"https:\/\/www.afne.org\/es\/wp-json\/wp\/v2\/media\/25410"}],"wp:attachment":[{"href":"https:\/\/www.afne.org\/es\/wp-json\/wp\/v2\/media?parent=25589"}],"wp:term":[{"taxonomy":"category","embeddable":true,"href":"https:\/\/www.afne.org\/es\/wp-json\/wp\/v2\/categories?post=25589"},{"taxonomy":"post_tag","embeddable":true,"href":"https:\/\/www.afne.org\/es\/wp-json\/wp\/v2\/tags?post=25589"}],"curies":[{"name":"wp","href":"https:\/\/api.w.org\/{rel}","templated":true}]}}