{"id":23910,"date":"2025-06-03T16:36:22","date_gmt":"2025-06-03T14:36:22","guid":{"rendered":"http:\/\/www.afnebeta.org.mialias.net\/2025\/06\/taller-acompanyament-gossos\/"},"modified":"2025-11-20T09:30:10","modified_gmt":"2025-11-20T08:30:10","slug":"taller-acompanyament-gossos","status":"publish","type":"post","link":"https:\/\/www.afne.org\/es\/2025\/06\/taller-acompanyament-gossos\/","title":{"rendered":"Una jornada especial de conexi\u00f3n y bienestar con nuestros amigos de cuatro patas"},"content":{"rendered":"<p style=\"text-align: left;\">El passat dissabte 31 de maig, vam tenir la fortuna de celebrar un nou<strong> taller d&#8217;acompanyament emocional per a adolescents i joves amb el suport de gossos<\/strong>, a Barcelona. <!--more--><\/p>\n<p><strong>Esta experiencia estaba especialmente pensada para ofrecer un espacio seguro, acogedor y enriquecedor para ni\u00f1os y ni\u00f1as adoptados o en acogida.<\/strong><\/p>\n<p><strong>La interacci\u00f3n con los perros facilita un ambiente de confianza y alegr\u00eda, y esto permite a los participantes explorar sus emociones de manera natural y positiva. El contacto con los animales es una herramienta poderosa que fomenta la expresi\u00f3n de los sentimientos y la gesti\u00f3n emocional dentro de un contexto l\u00fadico. Fue muy gratificante observar la conexi\u00f3n que se gener\u00f3 entre los j\u00f3venes y los perros<\/strong>  <\/p>\n<p>La experiencia y la sensibilidad de los profesionales (Oriol y Silamlak) que guiaron la actividad fueron fundamentales para hacer posible esta valiosa iniciativa.<\/p>\n<p>Mientras los j\u00f3venes disfrutaban de esta vivencia tan beneficiosa, los padres y madres tuvimos la oportunidad de charlar, compartir experiencias y reforzar nuestra red de apoyo, un espacio imprescindible para el intercambio y la conexi\u00f3n entre familias.<\/p>\n<p>Estamos convencidos de que actividades como esta aportan un gran valor al bienestar emocional de los ni\u00f1os, ni\u00f1as y adolescentes, abri\u00e9ndolos nuevas v\u00edas para desarrollar habilidades sociales y emocionales en un entorno lleno de aprecio y aceptaci\u00f3n.<\/p>\n<p>Esperemos poder repetir bien pronto esta iniciativa tan enriquecedora.<\/p>\n<p><img fetchpriority=\"high\" decoding=\"async\" class=\"wp-image-15754 aligncenter\" src=\"https:\/\/www.afne.org\/wp-content\/uploads\/2025\/09\/2224_10-Taller-de-cuina-1.png\" alt=\"\" width=\"1110\" height=\"625\"><\/p>\n","protected":false},"excerpt":{"rendered":"<p>Una jornada especial de conexi\u00f3n y bienestar cono nuestros amigos de cuatro patas.<\/p>\n","protected":false},"author":2,"featured_media":22377,"comment_status":"closed","ping_status":"closed","sticky":false,"template":"","format":"standard","meta":{"_acf_changed":false,"footnotes":""},"categories":[529,1034,1020],"tags":[962,999,670,887,888],"class_list":["post-23910","post","type-post","status-publish","format-standard","has-post-thumbnail","hentry","category-activitats-2","category-destacat-3-es","category-talleres-de-formacion","tag-oriol-2","tag-silam-2","tag-taller-2","tag-taller-emocional-con-perros-2","tag-terapia-canina-2"],"acf":[],"yoast_head":"<!-- This site is optimized with the Yoast SEO plugin v26.4 - https:\/\/yoast.com\/wordpress\/plugins\/seo\/ -->\n<title>Una jornada especial de conexi\u00f3n y bienestar con nuestros amigos de cuatro patas - AFNE<\/title>\n<meta name=\"robots\" content=\"index, follow, max-snippet:-1, max-image-preview:large, max-video-preview:-1\" \/>\n<link rel=\"canonical\" href=\"https:\/\/www.afne.org\/es\/2025\/06\/taller-acompanyament-gossos\/\" \/>\n<meta property=\"og:locale\" content=\"es_ES\" \/>\n<meta property=\"og:type\" content=\"article\" \/>\n<meta property=\"og:title\" content=\"Una jornada especial de conexi\u00f3n y bienestar con nuestros amigos de cuatro patas - AFNE\" \/>\n<meta property=\"og:description\" content=\"Una jornada especial de conexi\u00f3n y bienestar cono nuestros amigos de cuatro patas.\" \/>\n<meta property=\"og:url\" content=\"https:\/\/www.afne.org\/es\/2025\/06\/taller-acompanyament-gossos\/\" \/>\n<meta property=\"og:site_name\" content=\"AFNE\" \/>\n<meta property=\"article:publisher\" content=\"https:\/\/www.facebook.com\/afne.org\" \/>\n<meta property=\"article:published_time\" content=\"2025-06-03T14:36:22+00:00\" \/>\n<meta property=\"article:modified_time\" content=\"2025-11-20T08:30:10+00:00\" \/>\n<meta property=\"og:image\" content=\"https:\/\/www.afne.org\/wp-content\/uploads\/2025\/09\/Diseno-sin-titulo-scaled-1.jpg\" \/>\n\t<meta property=\"og:image:width\" content=\"2560\" \/>\n\t<meta property=\"og:image:height\" content=\"1280\" \/>\n\t<meta property=\"og:image:type\" content=\"image\/jpeg\" \/>\n<meta name=\"author\" content=\"Maria\" \/>\n<meta name=\"twitter:card\" content=\"summary_large_image\" \/>\n<meta name=\"twitter:label1\" content=\"Escrito por\" \/>\n\t<meta name=\"twitter:data1\" content=\"Maria\" \/>\n\t<meta name=\"twitter:label2\" content=\"Tiempo de lectura\" \/>\n\t<meta name=\"twitter:data2\" content=\"1 minuto\" \/>\n<script type=\"application\/ld+json\" class=\"yoast-schema-graph\">{\"@context\":\"https:\/\/schema.org\",\"@graph\":[{\"@type\":\"Article\",\"@id\":\"https:\/\/www.afne.org\/es\/2025\/06\/taller-acompanyament-gossos\/#article\",\"isPartOf\":{\"@id\":\"https:\/\/www.afne.org\/es\/2025\/06\/taller-acompanyament-gossos\/\"},\"author\":{\"name\":\"Maria\",\"@id\":\"https:\/\/www.afne.org\/es\/#\/schema\/person\/e2b1819ab1075ef10bbab085245274a6\"},\"headline\":\"Una jornada especial de conexi\u00f3n y bienestar con nuestros amigos de cuatro patas\",\"datePublished\":\"2025-06-03T14:36:22+00:00\",\"dateModified\":\"2025-11-20T08:30:10+00:00\",\"mainEntityOfPage\":{\"@id\":\"https:\/\/www.afne.org\/es\/2025\/06\/taller-acompanyament-gossos\/\"},\"wordCount\":252,\"publisher\":{\"@id\":\"https:\/\/www.afne.org\/es\/#organization\"},\"image\":{\"@id\":\"https:\/\/www.afne.org\/es\/2025\/06\/taller-acompanyament-gossos\/#primaryimage\"},\"thumbnailUrl\":\"https:\/\/www.afne.org\/wp-content\/uploads\/2025\/09\/Diseno-sin-titulo-scaled-1.jpg\",\"keywords\":[\"oriol\",\"Silam\",\"taller\",\"taller emocional con perros\",\"terapia canina\"],\"articleSection\":[\"Actividades\",\"Destacat 3\",\"Talleres de formaci\u00f3n\"],\"inLanguage\":\"es\"},{\"@type\":\"WebPage\",\"@id\":\"https:\/\/www.afne.org\/es\/2025\/06\/taller-acompanyament-gossos\/\",\"url\":\"https:\/\/www.afne.org\/es\/2025\/06\/taller-acompanyament-gossos\/\",\"name\":\"Una jornada especial de conexi\u00f3n y bienestar con nuestros amigos de cuatro patas - AFNE\",\"isPartOf\":{\"@id\":\"https:\/\/www.afne.org\/es\/#website\"},\"primaryImageOfPage\":{\"@id\":\"https:\/\/www.afne.org\/es\/2025\/06\/taller-acompanyament-gossos\/#primaryimage\"},\"image\":{\"@id\":\"https:\/\/www.afne.org\/es\/2025\/06\/taller-acompanyament-gossos\/#primaryimage\"},\"thumbnailUrl\":\"https:\/\/www.afne.org\/wp-content\/uploads\/2025\/09\/Diseno-sin-titulo-scaled-1.jpg\",\"datePublished\":\"2025-06-03T14:36:22+00:00\",\"dateModified\":\"2025-11-20T08:30:10+00:00\",\"breadcrumb\":{\"@id\":\"https:\/\/www.afne.org\/es\/2025\/06\/taller-acompanyament-gossos\/#breadcrumb\"},\"inLanguage\":\"es\",\"potentialAction\":[{\"@type\":\"ReadAction\",\"target\":[\"https:\/\/www.afne.org\/es\/2025\/06\/taller-acompanyament-gossos\/\"]}]},{\"@type\":\"ImageObject\",\"inLanguage\":\"es\",\"@id\":\"https:\/\/www.afne.org\/es\/2025\/06\/taller-acompanyament-gossos\/#primaryimage\",\"url\":\"https:\/\/www.afne.org\/wp-content\/uploads\/2025\/09\/Diseno-sin-titulo-scaled-1.jpg\",\"contentUrl\":\"https:\/\/www.afne.org\/wp-content\/uploads\/2025\/09\/Diseno-sin-titulo-scaled-1.jpg\",\"width\":2560,\"height\":1280},{\"@type\":\"BreadcrumbList\",\"@id\":\"https:\/\/www.afne.org\/es\/2025\/06\/taller-acompanyament-gossos\/#breadcrumb\",\"itemListElement\":[{\"@type\":\"ListItem\",\"position\":1,\"name\":\"Inici\",\"item\":\"https:\/\/www.afne.org\/es\/\"},{\"@type\":\"ListItem\",\"position\":2,\"name\":\"Una jornada especial de conexi\u00f3n y bienestar con nuestros amigos de cuatro patas\"}]},{\"@type\":\"WebSite\",\"@id\":\"https:\/\/www.afne.org\/es\/#website\",\"url\":\"https:\/\/www.afne.org\/es\/\",\"name\":\"AFNE\",\"description\":\"Units a Eti\u00f2pia\",\"publisher\":{\"@id\":\"https:\/\/www.afne.org\/es\/#organization\"},\"potentialAction\":[{\"@type\":\"SearchAction\",\"target\":{\"@type\":\"EntryPoint\",\"urlTemplate\":\"https:\/\/www.afne.org\/es\/?s={search_term_string}\"},\"query-input\":{\"@type\":\"PropertyValueSpecification\",\"valueRequired\":true,\"valueName\":\"search_term_string\"}}],\"inLanguage\":\"es\"},{\"@type\":\"Organization\",\"@id\":\"https:\/\/www.afne.org\/es\/#organization\",\"name\":\"Associaci\u00f3 de Fam\u00edlies de Nens i Nenes d\u2019Eti\u00f2pia\",\"url\":\"https:\/\/www.afne.org\/es\/\",\"logo\":{\"@type\":\"ImageObject\",\"inLanguage\":\"es\",\"@id\":\"https:\/\/www.afne.org\/es\/#\/schema\/logo\/image\/\",\"url\":\"https:\/\/www.afne.org\/wp-content\/uploads\/2025\/07\/logotip-afne.png\",\"contentUrl\":\"https:\/\/www.afne.org\/wp-content\/uploads\/2025\/07\/logotip-afne.png\",\"width\":200,\"height\":48,\"caption\":\"Associaci\u00f3 de Fam\u00edlies de Nens i Nenes d\u2019Eti\u00f2pia\"},\"image\":{\"@id\":\"https:\/\/www.afne.org\/es\/#\/schema\/logo\/image\/\"},\"sameAs\":[\"https:\/\/www.facebook.com\/afne.org\",\"https:\/\/www.instagram.com\/afne_etiopia\/\",\"https:\/\/www.youtube.com\/channel\/UCh-2Vrtq80T4SbmHu0u1Beg\",\"https:\/\/api.whatsapp.com\/message\/M2WZK3UT5QBFH1?autoload=1&app_absent=0\"]},{\"@type\":\"Person\",\"@id\":\"https:\/\/www.afne.org\/es\/#\/schema\/person\/e2b1819ab1075ef10bbab085245274a6\",\"name\":\"Maria\",\"image\":{\"@type\":\"ImageObject\",\"inLanguage\":\"es\",\"@id\":\"https:\/\/www.afne.org\/es\/#\/schema\/person\/image\/\",\"url\":\"https:\/\/secure.gravatar.com\/avatar\/f2fe719204648ce61585bd99cd483488f59a44cf04b371ed78c3488d747d71de?s=96&d=mm&r=g\",\"contentUrl\":\"https:\/\/secure.gravatar.com\/avatar\/f2fe719204648ce61585bd99cd483488f59a44cf04b371ed78c3488d747d71de?s=96&d=mm&r=g\",\"caption\":\"Maria\"}}]}<\/script>\n<!-- \/ Yoast SEO plugin. -->","yoast_head_json":{"title":"Una jornada especial de conexi\u00f3n y bienestar con nuestros amigos de cuatro patas - AFNE","robots":{"index":"index","follow":"follow","max-snippet":"max-snippet:-1","max-image-preview":"max-image-preview:large","max-video-preview":"max-video-preview:-1"},"canonical":"https:\/\/www.afne.org\/es\/2025\/06\/taller-acompanyament-gossos\/","og_locale":"es_ES","og_type":"article","og_title":"Una jornada especial de conexi\u00f3n y bienestar con nuestros amigos de cuatro patas - AFNE","og_description":"Una jornada especial de conexi\u00f3n y bienestar cono nuestros amigos de cuatro patas.","og_url":"https:\/\/www.afne.org\/es\/2025\/06\/taller-acompanyament-gossos\/","og_site_name":"AFNE","article_publisher":"https:\/\/www.facebook.com\/afne.org","article_published_time":"2025-06-03T14:36:22+00:00","article_modified_time":"2025-11-20T08:30:10+00:00","og_image":[{"width":2560,"height":1280,"url":"https:\/\/www.afne.org\/wp-content\/uploads\/2025\/09\/Diseno-sin-titulo-scaled-1.jpg","type":"image\/jpeg"}],"author":"Maria","twitter_card":"summary_large_image","twitter_misc":{"Escrito por":"Maria","Tiempo de lectura":"1 minuto"},"schema":{"@context":"https:\/\/schema.org","@graph":[{"@type":"Article","@id":"https:\/\/www.afne.org\/es\/2025\/06\/taller-acompanyament-gossos\/#article","isPartOf":{"@id":"https:\/\/www.afne.org\/es\/2025\/06\/taller-acompanyament-gossos\/"},"author":{"name":"Maria","@id":"https:\/\/www.afne.org\/es\/#\/schema\/person\/e2b1819ab1075ef10bbab085245274a6"},"headline":"Una jornada especial de conexi\u00f3n y bienestar con nuestros amigos de cuatro patas","datePublished":"2025-06-03T14:36:22+00:00","dateModified":"2025-11-20T08:30:10+00:00","mainEntityOfPage":{"@id":"https:\/\/www.afne.org\/es\/2025\/06\/taller-acompanyament-gossos\/"},"wordCount":252,"publisher":{"@id":"https:\/\/www.afne.org\/es\/#organization"},"image":{"@id":"https:\/\/www.afne.org\/es\/2025\/06\/taller-acompanyament-gossos\/#primaryimage"},"thumbnailUrl":"https:\/\/www.afne.org\/wp-content\/uploads\/2025\/09\/Diseno-sin-titulo-scaled-1.jpg","keywords":["oriol","Silam","taller","taller emocional con perros","terapia canina"],"articleSection":["Actividades","Destacat 3","Talleres de formaci\u00f3n"],"inLanguage":"es"},{"@type":"WebPage","@id":"https:\/\/www.afne.org\/es\/2025\/06\/taller-acompanyament-gossos\/","url":"https:\/\/www.afne.org\/es\/2025\/06\/taller-acompanyament-gossos\/","name":"Una jornada especial de conexi\u00f3n y bienestar con nuestros amigos de cuatro patas - AFNE","isPartOf":{"@id":"https:\/\/www.afne.org\/es\/#website"},"primaryImageOfPage":{"@id":"https:\/\/www.afne.org\/es\/2025\/06\/taller-acompanyament-gossos\/#primaryimage"},"image":{"@id":"https:\/\/www.afne.org\/es\/2025\/06\/taller-acompanyament-gossos\/#primaryimage"},"thumbnailUrl":"https:\/\/www.afne.org\/wp-content\/uploads\/2025\/09\/Diseno-sin-titulo-scaled-1.jpg","datePublished":"2025-06-03T14:36:22+00:00","dateModified":"2025-11-20T08:30:10+00:00","breadcrumb":{"@id":"https:\/\/www.afne.org\/es\/2025\/06\/taller-acompanyament-gossos\/#breadcrumb"},"inLanguage":"es","potentialAction":[{"@type":"ReadAction","target":["https:\/\/www.afne.org\/es\/2025\/06\/taller-acompanyament-gossos\/"]}]},{"@type":"ImageObject","inLanguage":"es","@id":"https:\/\/www.afne.org\/es\/2025\/06\/taller-acompanyament-gossos\/#primaryimage","url":"https:\/\/www.afne.org\/wp-content\/uploads\/2025\/09\/Diseno-sin-titulo-scaled-1.jpg","contentUrl":"https:\/\/www.afne.org\/wp-content\/uploads\/2025\/09\/Diseno-sin-titulo-scaled-1.jpg","width":2560,"height":1280},{"@type":"BreadcrumbList","@id":"https:\/\/www.afne.org\/es\/2025\/06\/taller-acompanyament-gossos\/#breadcrumb","itemListElement":[{"@type":"ListItem","position":1,"name":"Inici","item":"https:\/\/www.afne.org\/es\/"},{"@type":"ListItem","position":2,"name":"Una jornada especial de conexi\u00f3n y bienestar con nuestros amigos de cuatro patas"}]},{"@type":"WebSite","@id":"https:\/\/www.afne.org\/es\/#website","url":"https:\/\/www.afne.org\/es\/","name":"AFNE","description":"Units a Eti\u00f2pia","publisher":{"@id":"https:\/\/www.afne.org\/es\/#organization"},"potentialAction":[{"@type":"SearchAction","target":{"@type":"EntryPoint","urlTemplate":"https:\/\/www.afne.org\/es\/?s={search_term_string}"},"query-input":{"@type":"PropertyValueSpecification","valueRequired":true,"valueName":"search_term_string"}}],"inLanguage":"es"},{"@type":"Organization","@id":"https:\/\/www.afne.org\/es\/#organization","name":"Associaci\u00f3 de Fam\u00edlies de Nens i Nenes d\u2019Eti\u00f2pia","url":"https:\/\/www.afne.org\/es\/","logo":{"@type":"ImageObject","inLanguage":"es","@id":"https:\/\/www.afne.org\/es\/#\/schema\/logo\/image\/","url":"https:\/\/www.afne.org\/wp-content\/uploads\/2025\/07\/logotip-afne.png","contentUrl":"https:\/\/www.afne.org\/wp-content\/uploads\/2025\/07\/logotip-afne.png","width":200,"height":48,"caption":"Associaci\u00f3 de Fam\u00edlies de Nens i Nenes d\u2019Eti\u00f2pia"},"image":{"@id":"https:\/\/www.afne.org\/es\/#\/schema\/logo\/image\/"},"sameAs":["https:\/\/www.facebook.com\/afne.org","https:\/\/www.instagram.com\/afne_etiopia\/","https:\/\/www.youtube.com\/channel\/UCh-2Vrtq80T4SbmHu0u1Beg","https:\/\/api.whatsapp.com\/message\/M2WZK3UT5QBFH1?autoload=1&app_absent=0"]},{"@type":"Person","@id":"https:\/\/www.afne.org\/es\/#\/schema\/person\/e2b1819ab1075ef10bbab085245274a6","name":"Maria","image":{"@type":"ImageObject","inLanguage":"es","@id":"https:\/\/www.afne.org\/es\/#\/schema\/person\/image\/","url":"https:\/\/secure.gravatar.com\/avatar\/f2fe719204648ce61585bd99cd483488f59a44cf04b371ed78c3488d747d71de?s=96&d=mm&r=g","contentUrl":"https:\/\/secure.gravatar.com\/avatar\/f2fe719204648ce61585bd99cd483488f59a44cf04b371ed78c3488d747d71de?s=96&d=mm&r=g","caption":"Maria"}}]}},"_links":{"self":[{"href":"https:\/\/www.afne.org\/es\/wp-json\/wp\/v2\/posts\/23910","targetHints":{"allow":["GET"]}}],"collection":[{"href":"https:\/\/www.afne.org\/es\/wp-json\/wp\/v2\/posts"}],"about":[{"href":"https:\/\/www.afne.org\/es\/wp-json\/wp\/v2\/types\/post"}],"author":[{"embeddable":true,"href":"https:\/\/www.afne.org\/es\/wp-json\/wp\/v2\/users\/2"}],"replies":[{"embeddable":true,"href":"https:\/\/www.afne.org\/es\/wp-json\/wp\/v2\/comments?post=23910"}],"version-history":[{"count":2,"href":"https:\/\/www.afne.org\/es\/wp-json\/wp\/v2\/posts\/23910\/revisions"}],"predecessor-version":[{"id":25648,"href":"https:\/\/www.afne.org\/es\/wp-json\/wp\/v2\/posts\/23910\/revisions\/25648"}],"wp:featuredmedia":[{"embeddable":true,"href":"https:\/\/www.afne.org\/es\/wp-json\/wp\/v2\/media\/22377"}],"wp:attachment":[{"href":"https:\/\/www.afne.org\/es\/wp-json\/wp\/v2\/media?parent=23910"}],"wp:term":[{"taxonomy":"category","embeddable":true,"href":"https:\/\/www.afne.org\/es\/wp-json\/wp\/v2\/categories?post=23910"},{"taxonomy":"post_tag","embeddable":true,"href":"https:\/\/www.afne.org\/es\/wp-json\/wp\/v2\/tags?post=23910"}],"curies":[{"name":"wp","href":"https:\/\/api.w.org\/{rel}","templated":true}]}}