{"id":23902,"date":"2025-12-18T10:59:54","date_gmt":"2025-12-18T09:59:54","guid":{"rendered":"http:\/\/www.afnebeta.org.mialias.net\/2025\/05\/guia-propostes-trauma\/"},"modified":"2025-12-23T18:59:56","modified_gmt":"2025-12-23T17:59:56","slug":"guia-propostes-trauma","status":"publish","type":"post","link":"https:\/\/www.afne.org\/es\/2025\/12\/guia-propostes-trauma\/","title":{"rendered":"Propuestas para la mejora de la respuesta educativa al alumnado adoptado\/acogido"},"content":{"rendered":"\n<p style=\"margin-right:35px;margin-left:35px\">La gu\u00eda tiene como objetivo visibilizar y sensibilizar sobre el trauma relacional temprano que muchos ni\u00f1os y adolescentes adoptados o acogidos han vivido a consecuencia de sus experiencias vitales.<\/p>\n\n\n\n<p style=\"margin-right:35px;margin-left:35px\">El trabajo ha sido elaborado en colaboraci\u00f3n con las asociaciones IMA, Adopcolombia y PETALES, y ha contado con la participaci\u00f3n de un equipo de profesionales de los \u00e1mbitos de la psicolog\u00eda, la educaci\u00f3n y varias familias. Juntos han desarrollado propuestas concretas para mejorar la atenci\u00f3n educativa que reciben estos ni\u00f1os, ni\u00f1as y j\u00f3venes en los centros educativos. <\/p>\n\n\n\n<p style=\"margin-right:35px;margin-left:35px\">Os invitamos a leerla y compartirla, para avanzar hacia una escuela m\u00e1s inclusiva, consciente y preparada para atender la diversidad de todo el alumnado.<\/p>\n\n\n\n<p style=\"margin-right:35px;margin-left:35px\">Un document que ja est\u00e0 disponible per a la seva consulta i descarrega <a href=\"https:\/\/www.afne.org\/wp-content\/uploads\/2025\/12\/2_Guia_inclusio_CAST_compressed.pdf\" target=\"_blank\" rel=\"noreferrer noopener\">[aqu\u00ed]. <\/a> <\/p>\n\n\n\n<div class=\"wp-block-columns is-layout-flex wp-container-core-columns-is-layout-28f84493 wp-block-columns-is-layout-flex\">\n<div class=\"wp-block-column is-layout-flow wp-block-column-is-layout-flow\">\n<figure class=\"wp-block-gallery has-nested-images columns-default is-cropped wp-block-gallery-1 is-layout-flex wp-block-gallery-is-layout-flex\">\n<figure class=\"wp-block-image alignfull size-large is-style-default\"><img fetchpriority=\"high\" decoding=\"async\" width=\"1024\" height=\"1024\" data-id=\"25992\" src=\"https:\/\/www.afne.org\/wp-content\/uploads\/2025\/12\/propsotes-la-millora-educativa-1-1024x1024.png\" alt=\"\" class=\"wp-image-25992\" srcset=\"https:\/\/www.afne.org\/wp-content\/uploads\/2025\/12\/propsotes-la-millora-educativa-1-1024x1024.png 1024w, https:\/\/www.afne.org\/wp-content\/uploads\/2025\/12\/propsotes-la-millora-educativa-1-300x300.png 300w, https:\/\/www.afne.org\/wp-content\/uploads\/2025\/12\/propsotes-la-millora-educativa-1-150x150.png 150w, https:\/\/www.afne.org\/wp-content\/uploads\/2025\/12\/propsotes-la-millora-educativa-1-768x768.png 768w, https:\/\/www.afne.org\/wp-content\/uploads\/2025\/12\/propsotes-la-millora-educativa-1.png 1080w\" sizes=\"(max-width: 1024px) 100vw, 1024px\" \/><\/figure>\n<\/figure>\n<\/div>\n<\/div>\n\n\n\n<div class=\"wp-block-columns is-layout-flex wp-container-core-columns-is-layout-28f84493 wp-block-columns-is-layout-flex\">\n<div class=\"wp-block-column is-layout-flow wp-block-column-is-layout-flow\"><\/div>\n<\/div>\n\n\n\n<p><\/p>\n","protected":false},"excerpt":{"rendered":"<p>En febrero de 2024 presentamos la Gu\u00eda de Propuestas para la Mejora de la Respuesta Educativa al Alumnado Adoptado y Acogido, un documento que ya est\u00e1 disponible para su consulta y descarga: <\/p>\n","protected":false},"author":2,"featured_media":25840,"comment_status":"closed","ping_status":"closed","sticky":false,"template":"","format":"standard","meta":{"_acf_changed":false,"footnotes":""},"categories":[529,1046,1049,1029],"tags":[1050],"class_list":["post-23902","post","type-post","status-publish","format-standard","has-post-thumbnail","hentry","category-activitats-2","category-articulos","category-formacion-postadoptiva","category-noticias","tag-propuestas-para-la-mejora-de-la-respuesta-educativa"],"acf":[],"yoast_head":"<!-- This site is optimized with the Yoast SEO plugin v26.4 - https:\/\/yoast.com\/wordpress\/plugins\/seo\/ -->\n<title>Propuestas para la mejora de la respuesta educativa al alumnado adoptado\/acogido - AFNE<\/title>\n<meta name=\"description\" content=\"En febrero de 2024 presentamos la Gu\u00eda de Propuestas para la Mejora de la Respuesta Educativa al Alumnado Adoptado y Acogido. La gu\u00eda tiene como objetivo visibilizar y sensibilizar sobre el trauma relacional temprano que muchos ni\u00f1os y adolescentes adoptados o acogidos han vivido a consecuencia de sus experiencias vitales. Un documento que ya est\u00e1 disponible para su consulta y descarga.\" \/>\n<meta name=\"robots\" content=\"index, follow, max-snippet:-1, max-image-preview:large, max-video-preview:-1\" \/>\n<link rel=\"canonical\" href=\"https:\/\/www.afne.org\/es\/2025\/12\/guia-propostes-trauma\/\" \/>\n<meta property=\"og:locale\" content=\"es_ES\" \/>\n<meta property=\"og:type\" content=\"article\" \/>\n<meta property=\"og:title\" content=\"Propuestas para la mejora de la respuesta educativa al alumnado adoptado\/acogido - AFNE\" \/>\n<meta property=\"og:description\" content=\"En febrero de 2024 presentamos la Gu\u00eda de Propuestas para la Mejora de la Respuesta Educativa al Alumnado Adoptado y Acogido. La gu\u00eda tiene como objetivo visibilizar y sensibilizar sobre el trauma relacional temprano que muchos ni\u00f1os y adolescentes adoptados o acogidos han vivido a consecuencia de sus experiencias vitales. Un documento que ya est\u00e1 disponible para su consulta y descarga.\" \/>\n<meta property=\"og:url\" content=\"https:\/\/www.afne.org\/es\/2025\/12\/guia-propostes-trauma\/\" \/>\n<meta property=\"og:site_name\" content=\"AFNE\" \/>\n<meta property=\"article:publisher\" content=\"https:\/\/www.facebook.com\/afne.org\" \/>\n<meta property=\"article:published_time\" content=\"2025-12-18T09:59:54+00:00\" \/>\n<meta property=\"article:modified_time\" content=\"2025-12-23T17:59:56+00:00\" \/>\n<meta property=\"og:image\" content=\"https:\/\/www.afne.org\/wp-content\/uploads\/2025\/12\/propsotes-la-millora-educativa.jpg\" \/>\n\t<meta property=\"og:image:width\" content=\"1080\" \/>\n\t<meta property=\"og:image:height\" content=\"606\" \/>\n\t<meta property=\"og:image:type\" content=\"image\/jpeg\" \/>\n<meta name=\"author\" content=\"Maria\" \/>\n<meta name=\"twitter:card\" content=\"summary_large_image\" \/>\n<meta name=\"twitter:label1\" content=\"Escrito por\" \/>\n\t<meta name=\"twitter:data1\" content=\"Maria\" \/>\n\t<meta name=\"twitter:label2\" content=\"Tiempo de lectura\" \/>\n\t<meta name=\"twitter:data2\" content=\"2 minutos\" \/>\n<script type=\"application\/ld+json\" class=\"yoast-schema-graph\">{\"@context\":\"https:\/\/schema.org\",\"@graph\":[{\"@type\":\"Article\",\"@id\":\"https:\/\/www.afne.org\/es\/2025\/12\/guia-propostes-trauma\/#article\",\"isPartOf\":{\"@id\":\"https:\/\/www.afne.org\/es\/2025\/12\/guia-propostes-trauma\/\"},\"author\":{\"name\":\"Maria\",\"@id\":\"https:\/\/www.afne.org\/es\/#\/schema\/person\/e2b1819ab1075ef10bbab085245274a6\"},\"headline\":\"Propuestas para la mejora de la respuesta educativa al alumnado adoptado\/acogido\",\"datePublished\":\"2025-12-18T09:59:54+00:00\",\"dateModified\":\"2025-12-23T17:59:56+00:00\",\"mainEntityOfPage\":{\"@id\":\"https:\/\/www.afne.org\/es\/2025\/12\/guia-propostes-trauma\/\"},\"wordCount\":147,\"publisher\":{\"@id\":\"https:\/\/www.afne.org\/es\/#organization\"},\"image\":{\"@id\":\"https:\/\/www.afne.org\/es\/2025\/12\/guia-propostes-trauma\/#primaryimage\"},\"thumbnailUrl\":\"https:\/\/www.afne.org\/wp-content\/uploads\/2025\/12\/propsotes-la-millora-educativa.jpg\",\"keywords\":[\"propuestas para la mejora de la respuesta educativa\"],\"articleSection\":[\"Actividades\",\"Art\u00edculos\",\"Formaci\u00f3n Postadoptiva\",\"Noticias\"],\"inLanguage\":\"es\"},{\"@type\":\"WebPage\",\"@id\":\"https:\/\/www.afne.org\/es\/2025\/12\/guia-propostes-trauma\/\",\"url\":\"https:\/\/www.afne.org\/es\/2025\/12\/guia-propostes-trauma\/\",\"name\":\"Propuestas para la mejora de la respuesta educativa al alumnado adoptado\/acogido - AFNE\",\"isPartOf\":{\"@id\":\"https:\/\/www.afne.org\/es\/#website\"},\"primaryImageOfPage\":{\"@id\":\"https:\/\/www.afne.org\/es\/2025\/12\/guia-propostes-trauma\/#primaryimage\"},\"image\":{\"@id\":\"https:\/\/www.afne.org\/es\/2025\/12\/guia-propostes-trauma\/#primaryimage\"},\"thumbnailUrl\":\"https:\/\/www.afne.org\/wp-content\/uploads\/2025\/12\/propsotes-la-millora-educativa.jpg\",\"datePublished\":\"2025-12-18T09:59:54+00:00\",\"dateModified\":\"2025-12-23T17:59:56+00:00\",\"description\":\"En febrero de 2024 presentamos la Gu\u00eda de Propuestas para la Mejora de la Respuesta Educativa al Alumnado Adoptado y Acogido. La gu\u00eda tiene como objetivo visibilizar y sensibilizar sobre el trauma relacional temprano que muchos ni\u00f1os y adolescentes adoptados o acogidos han vivido a consecuencia de sus experiencias vitales. Un documento que ya est\u00e1 disponible para su consulta y descarga.\",\"breadcrumb\":{\"@id\":\"https:\/\/www.afne.org\/es\/2025\/12\/guia-propostes-trauma\/#breadcrumb\"},\"inLanguage\":\"es\",\"potentialAction\":[{\"@type\":\"ReadAction\",\"target\":[\"https:\/\/www.afne.org\/es\/2025\/12\/guia-propostes-trauma\/\"]}]},{\"@type\":\"ImageObject\",\"inLanguage\":\"es\",\"@id\":\"https:\/\/www.afne.org\/es\/2025\/12\/guia-propostes-trauma\/#primaryimage\",\"url\":\"https:\/\/www.afne.org\/wp-content\/uploads\/2025\/12\/propsotes-la-millora-educativa.jpg\",\"contentUrl\":\"https:\/\/www.afne.org\/wp-content\/uploads\/2025\/12\/propsotes-la-millora-educativa.jpg\",\"width\":1080,\"height\":606},{\"@type\":\"BreadcrumbList\",\"@id\":\"https:\/\/www.afne.org\/es\/2025\/12\/guia-propostes-trauma\/#breadcrumb\",\"itemListElement\":[{\"@type\":\"ListItem\",\"position\":1,\"name\":\"Inici\",\"item\":\"https:\/\/www.afne.org\/es\/\"},{\"@type\":\"ListItem\",\"position\":2,\"name\":\"Propuestas para la mejora de la respuesta educativa al alumnado adoptado\/acogido\"}]},{\"@type\":\"WebSite\",\"@id\":\"https:\/\/www.afne.org\/es\/#website\",\"url\":\"https:\/\/www.afne.org\/es\/\",\"name\":\"AFNE\",\"description\":\"Units a Eti\u00f2pia\",\"publisher\":{\"@id\":\"https:\/\/www.afne.org\/es\/#organization\"},\"potentialAction\":[{\"@type\":\"SearchAction\",\"target\":{\"@type\":\"EntryPoint\",\"urlTemplate\":\"https:\/\/www.afne.org\/es\/?s={search_term_string}\"},\"query-input\":{\"@type\":\"PropertyValueSpecification\",\"valueRequired\":true,\"valueName\":\"search_term_string\"}}],\"inLanguage\":\"es\"},{\"@type\":\"Organization\",\"@id\":\"https:\/\/www.afne.org\/es\/#organization\",\"name\":\"Associaci\u00f3 de Fam\u00edlies de Nens i Nenes d\u2019Eti\u00f2pia\",\"url\":\"https:\/\/www.afne.org\/es\/\",\"logo\":{\"@type\":\"ImageObject\",\"inLanguage\":\"es\",\"@id\":\"https:\/\/www.afne.org\/es\/#\/schema\/logo\/image\/\",\"url\":\"https:\/\/www.afne.org\/wp-content\/uploads\/2025\/07\/logotip-afne.png\",\"contentUrl\":\"https:\/\/www.afne.org\/wp-content\/uploads\/2025\/07\/logotip-afne.png\",\"width\":200,\"height\":48,\"caption\":\"Associaci\u00f3 de Fam\u00edlies de Nens i Nenes d\u2019Eti\u00f2pia\"},\"image\":{\"@id\":\"https:\/\/www.afne.org\/es\/#\/schema\/logo\/image\/\"},\"sameAs\":[\"https:\/\/www.facebook.com\/afne.org\",\"https:\/\/www.instagram.com\/afne_etiopia\/\",\"https:\/\/www.youtube.com\/channel\/UCh-2Vrtq80T4SbmHu0u1Beg\",\"https:\/\/api.whatsapp.com\/message\/M2WZK3UT5QBFH1?autoload=1&app_absent=0\"]},{\"@type\":\"Person\",\"@id\":\"https:\/\/www.afne.org\/es\/#\/schema\/person\/e2b1819ab1075ef10bbab085245274a6\",\"name\":\"Maria\",\"image\":{\"@type\":\"ImageObject\",\"inLanguage\":\"es\",\"@id\":\"https:\/\/www.afne.org\/es\/#\/schema\/person\/image\/\",\"url\":\"https:\/\/secure.gravatar.com\/avatar\/f2fe719204648ce61585bd99cd483488f59a44cf04b371ed78c3488d747d71de?s=96&d=mm&r=g\",\"contentUrl\":\"https:\/\/secure.gravatar.com\/avatar\/f2fe719204648ce61585bd99cd483488f59a44cf04b371ed78c3488d747d71de?s=96&d=mm&r=g\",\"caption\":\"Maria\"}}]}<\/script>\n<!-- \/ Yoast SEO plugin. -->","yoast_head_json":{"title":"Propuestas para la mejora de la respuesta educativa al alumnado adoptado\/acogido - AFNE","description":"En febrero de 2024 presentamos la Gu\u00eda de Propuestas para la Mejora de la Respuesta Educativa al Alumnado Adoptado y Acogido. La gu\u00eda tiene como objetivo visibilizar y sensibilizar sobre el trauma relacional temprano que muchos ni\u00f1os y adolescentes adoptados o acogidos han vivido a consecuencia de sus experiencias vitales. Un documento que ya est\u00e1 disponible para su consulta y descarga.","robots":{"index":"index","follow":"follow","max-snippet":"max-snippet:-1","max-image-preview":"max-image-preview:large","max-video-preview":"max-video-preview:-1"},"canonical":"https:\/\/www.afne.org\/es\/2025\/12\/guia-propostes-trauma\/","og_locale":"es_ES","og_type":"article","og_title":"Propuestas para la mejora de la respuesta educativa al alumnado adoptado\/acogido - AFNE","og_description":"En febrero de 2024 presentamos la Gu\u00eda de Propuestas para la Mejora de la Respuesta Educativa al Alumnado Adoptado y Acogido. La gu\u00eda tiene como objetivo visibilizar y sensibilizar sobre el trauma relacional temprano que muchos ni\u00f1os y adolescentes adoptados o acogidos han vivido a consecuencia de sus experiencias vitales. Un documento que ya est\u00e1 disponible para su consulta y descarga.","og_url":"https:\/\/www.afne.org\/es\/2025\/12\/guia-propostes-trauma\/","og_site_name":"AFNE","article_publisher":"https:\/\/www.facebook.com\/afne.org","article_published_time":"2025-12-18T09:59:54+00:00","article_modified_time":"2025-12-23T17:59:56+00:00","og_image":[{"width":1080,"height":606,"url":"https:\/\/www.afne.org\/wp-content\/uploads\/2025\/12\/propsotes-la-millora-educativa.jpg","type":"image\/jpeg"}],"author":"Maria","twitter_card":"summary_large_image","twitter_misc":{"Escrito por":"Maria","Tiempo de lectura":"2 minutos"},"schema":{"@context":"https:\/\/schema.org","@graph":[{"@type":"Article","@id":"https:\/\/www.afne.org\/es\/2025\/12\/guia-propostes-trauma\/#article","isPartOf":{"@id":"https:\/\/www.afne.org\/es\/2025\/12\/guia-propostes-trauma\/"},"author":{"name":"Maria","@id":"https:\/\/www.afne.org\/es\/#\/schema\/person\/e2b1819ab1075ef10bbab085245274a6"},"headline":"Propuestas para la mejora de la respuesta educativa al alumnado adoptado\/acogido","datePublished":"2025-12-18T09:59:54+00:00","dateModified":"2025-12-23T17:59:56+00:00","mainEntityOfPage":{"@id":"https:\/\/www.afne.org\/es\/2025\/12\/guia-propostes-trauma\/"},"wordCount":147,"publisher":{"@id":"https:\/\/www.afne.org\/es\/#organization"},"image":{"@id":"https:\/\/www.afne.org\/es\/2025\/12\/guia-propostes-trauma\/#primaryimage"},"thumbnailUrl":"https:\/\/www.afne.org\/wp-content\/uploads\/2025\/12\/propsotes-la-millora-educativa.jpg","keywords":["propuestas para la mejora de la respuesta educativa"],"articleSection":["Actividades","Art\u00edculos","Formaci\u00f3n Postadoptiva","Noticias"],"inLanguage":"es"},{"@type":"WebPage","@id":"https:\/\/www.afne.org\/es\/2025\/12\/guia-propostes-trauma\/","url":"https:\/\/www.afne.org\/es\/2025\/12\/guia-propostes-trauma\/","name":"Propuestas para la mejora de la respuesta educativa al alumnado adoptado\/acogido - AFNE","isPartOf":{"@id":"https:\/\/www.afne.org\/es\/#website"},"primaryImageOfPage":{"@id":"https:\/\/www.afne.org\/es\/2025\/12\/guia-propostes-trauma\/#primaryimage"},"image":{"@id":"https:\/\/www.afne.org\/es\/2025\/12\/guia-propostes-trauma\/#primaryimage"},"thumbnailUrl":"https:\/\/www.afne.org\/wp-content\/uploads\/2025\/12\/propsotes-la-millora-educativa.jpg","datePublished":"2025-12-18T09:59:54+00:00","dateModified":"2025-12-23T17:59:56+00:00","description":"En febrero de 2024 presentamos la Gu\u00eda de Propuestas para la Mejora de la Respuesta Educativa al Alumnado Adoptado y Acogido. La gu\u00eda tiene como objetivo visibilizar y sensibilizar sobre el trauma relacional temprano que muchos ni\u00f1os y adolescentes adoptados o acogidos han vivido a consecuencia de sus experiencias vitales. Un documento que ya est\u00e1 disponible para su consulta y descarga.","breadcrumb":{"@id":"https:\/\/www.afne.org\/es\/2025\/12\/guia-propostes-trauma\/#breadcrumb"},"inLanguage":"es","potentialAction":[{"@type":"ReadAction","target":["https:\/\/www.afne.org\/es\/2025\/12\/guia-propostes-trauma\/"]}]},{"@type":"ImageObject","inLanguage":"es","@id":"https:\/\/www.afne.org\/es\/2025\/12\/guia-propostes-trauma\/#primaryimage","url":"https:\/\/www.afne.org\/wp-content\/uploads\/2025\/12\/propsotes-la-millora-educativa.jpg","contentUrl":"https:\/\/www.afne.org\/wp-content\/uploads\/2025\/12\/propsotes-la-millora-educativa.jpg","width":1080,"height":606},{"@type":"BreadcrumbList","@id":"https:\/\/www.afne.org\/es\/2025\/12\/guia-propostes-trauma\/#breadcrumb","itemListElement":[{"@type":"ListItem","position":1,"name":"Inici","item":"https:\/\/www.afne.org\/es\/"},{"@type":"ListItem","position":2,"name":"Propuestas para la mejora de la respuesta educativa al alumnado adoptado\/acogido"}]},{"@type":"WebSite","@id":"https:\/\/www.afne.org\/es\/#website","url":"https:\/\/www.afne.org\/es\/","name":"AFNE","description":"Units a Eti\u00f2pia","publisher":{"@id":"https:\/\/www.afne.org\/es\/#organization"},"potentialAction":[{"@type":"SearchAction","target":{"@type":"EntryPoint","urlTemplate":"https:\/\/www.afne.org\/es\/?s={search_term_string}"},"query-input":{"@type":"PropertyValueSpecification","valueRequired":true,"valueName":"search_term_string"}}],"inLanguage":"es"},{"@type":"Organization","@id":"https:\/\/www.afne.org\/es\/#organization","name":"Associaci\u00f3 de Fam\u00edlies de Nens i Nenes d\u2019Eti\u00f2pia","url":"https:\/\/www.afne.org\/es\/","logo":{"@type":"ImageObject","inLanguage":"es","@id":"https:\/\/www.afne.org\/es\/#\/schema\/logo\/image\/","url":"https:\/\/www.afne.org\/wp-content\/uploads\/2025\/07\/logotip-afne.png","contentUrl":"https:\/\/www.afne.org\/wp-content\/uploads\/2025\/07\/logotip-afne.png","width":200,"height":48,"caption":"Associaci\u00f3 de Fam\u00edlies de Nens i Nenes d\u2019Eti\u00f2pia"},"image":{"@id":"https:\/\/www.afne.org\/es\/#\/schema\/logo\/image\/"},"sameAs":["https:\/\/www.facebook.com\/afne.org","https:\/\/www.instagram.com\/afne_etiopia\/","https:\/\/www.youtube.com\/channel\/UCh-2Vrtq80T4SbmHu0u1Beg","https:\/\/api.whatsapp.com\/message\/M2WZK3UT5QBFH1?autoload=1&app_absent=0"]},{"@type":"Person","@id":"https:\/\/www.afne.org\/es\/#\/schema\/person\/e2b1819ab1075ef10bbab085245274a6","name":"Maria","image":{"@type":"ImageObject","inLanguage":"es","@id":"https:\/\/www.afne.org\/es\/#\/schema\/person\/image\/","url":"https:\/\/secure.gravatar.com\/avatar\/f2fe719204648ce61585bd99cd483488f59a44cf04b371ed78c3488d747d71de?s=96&d=mm&r=g","contentUrl":"https:\/\/secure.gravatar.com\/avatar\/f2fe719204648ce61585bd99cd483488f59a44cf04b371ed78c3488d747d71de?s=96&d=mm&r=g","caption":"Maria"}}]}},"_links":{"self":[{"href":"https:\/\/www.afne.org\/es\/wp-json\/wp\/v2\/posts\/23902","targetHints":{"allow":["GET"]}}],"collection":[{"href":"https:\/\/www.afne.org\/es\/wp-json\/wp\/v2\/posts"}],"about":[{"href":"https:\/\/www.afne.org\/es\/wp-json\/wp\/v2\/types\/post"}],"author":[{"embeddable":true,"href":"https:\/\/www.afne.org\/es\/wp-json\/wp\/v2\/users\/2"}],"replies":[{"embeddable":true,"href":"https:\/\/www.afne.org\/es\/wp-json\/wp\/v2\/comments?post=23902"}],"version-history":[{"count":16,"href":"https:\/\/www.afne.org\/es\/wp-json\/wp\/v2\/posts\/23902\/revisions"}],"predecessor-version":[{"id":26164,"href":"https:\/\/www.afne.org\/es\/wp-json\/wp\/v2\/posts\/23902\/revisions\/26164"}],"wp:featuredmedia":[{"embeddable":true,"href":"https:\/\/www.afne.org\/es\/wp-json\/wp\/v2\/media\/25840"}],"wp:attachment":[{"href":"https:\/\/www.afne.org\/es\/wp-json\/wp\/v2\/media?parent=23902"}],"wp:term":[{"taxonomy":"category","embeddable":true,"href":"https:\/\/www.afne.org\/es\/wp-json\/wp\/v2\/categories?post=23902"},{"taxonomy":"post_tag","embeddable":true,"href":"https:\/\/www.afne.org\/es\/wp-json\/wp\/v2\/tags?post=23902"}],"curies":[{"name":"wp","href":"https:\/\/api.w.org\/{rel}","templated":true}]}}