{"id":23900,"date":"2025-05-16T13:15:02","date_gmt":"2025-05-16T11:15:02","guid":{"rendered":"http:\/\/www.afnebeta.org.mialias.net\/2025\/05\/sessions-gratuites-dassessorament-psicologic-familiar-i-de-mediacio-interracial\/"},"modified":"2025-09-10T11:42:50","modified_gmt":"2025-09-10T09:42:50","slug":"sessions-gratuites-dassessorament-psicologic-familiar-i-de-mediacio-interracial","status":"publish","type":"post","link":"https:\/\/www.afne.org\/es\/2025\/05\/sessions-gratuites-dassessorament-psicologic-familiar-i-de-mediacio-interracial\/","title":{"rendered":"Sesiones gratuitas de asesoramiento psicol\u00f3gico familiar y de mediaci\u00f3n interracial"},"content":{"rendered":"<div>\n<div>\n<p>Apreciadas familias socias,<\/p>\n<\/div>\n<div>\n<p>Presentamos una nueva iniciativa para este 2025 de <em><strong>sesiones gratuitas de asesoramiento psicol\u00f3gico familiar y de mediaci\u00f3n interracial.<\/strong><\/em><\/p>\n<\/div>\n<\/div>\n<p><!--more--><\/p>\n<div>\n<div>\n<h3 data-end=\"439\" data-start=\"401\"><span style=\"color: #000080;\"><em><strong>\u00bfEn qu\u00e9 consisten?<\/strong><\/em><\/span><\/h3>\n<h5 data-end=\"439\" data-start=\"401\"><em><strong>\u00a0Asesoramiento psicol\u00f3gico familiar<\/strong><\/em><\/h5>\n<p data-end=\"439\" data-start=\"401\">Contar\u00e9is con la orientaci\u00f3n de profesionales del gabinete de psicolog\u00eda Fluxua, dirigido por Alfonso Navarro, especializado en acompa\u00f1ar a familias adoptivas. Estas sesiones est\u00e1n pensadas para ofrecer apoyo en la gesti\u00f3n de situaciones relacionadas con vuestros hijos e hijas adoptados: dudas sobre aspectos emocionales, de aprendizaje, atenci\u00f3n o neurodesarrollo.<\/p>\n<p data-end=\"439\" data-start=\"401\">\u00a0 <em><strong>Estas consultas, aunque son de car\u00e1cter psicol\u00f3gico, no entran en el marco de la intervenci\u00f3n cl\u00ednica<\/strong><\/em>, la diagnosis o la terapia con continuidad. Se trata pues de consultas a nivel orientativo para poder evaluar si es conveniente realizar posteriormente una diagnosis en profundidad.<\/p>\n<p data-end=\"439\" data-start=\"401\"><a href=\"https:\/\/youtu.be\/oLUHWg_KsgI?si=p1vbWYZyRsQVdKKt\" target=\"_blank\" rel=\"noopener\"><img fetchpriority=\"high\" decoding=\"async\" class=\"wp-image-15731 aligncenter\" src=\"https:\/\/www.afne.org\/wp-content\/uploads\/2025\/09\/WhatsApp-Image-2025-05-28-at-17.27.01-1009x1024.jpeg\" alt=\"\" width=\"361\" height=\"366\" \/><\/a><\/p>\n<h6 style=\"text-align: center;\" data-end=\"439\" data-start=\"401\"><strong><em><a href=\"https:\/\/youtu.be\/oLUHWg_KsgI?si=p1vbWYZyRsQVdKKt\" target=\"_blank\" rel=\"noopener\">V\u00eddeo<\/a><\/em><\/strong><\/h6>\n<h5 data-end=\"439\" data-start=\"401\"><em><strong>Mediaci\u00f3n interracial<\/strong><\/em><\/h5>\n<\/div>\n<p>Tambi\u00e9n tendr\u00e9is acceso a sesiones con Cari Mc.Cay, mediadora familiar especializada en relaciones interraciales.<em><strong> Este servicio est\u00e1 enfocado en ayudar a las familias a comprender mejor los conflictos interraciales que puedan experimentar sus hijos e hijas racializados,<\/strong><\/em> mejorar la comunicaci\u00f3n, y acompa\u00f1ar la construcci\u00f3n de su identidad desde una mirada libre de estereotipos racistas.<\/p>\n<p><a href=\"https:\/\/youtu.be\/7dHwhOEbclA?feature=shared\" target=\"_blank\" rel=\"noopener\"><img decoding=\"async\" class=\"wp-image-15730 aligncenter\" src=\"https:\/\/www.afne.org\/wp-content\/uploads\/2025\/09\/WhatsApp-Image-2025-05-28-at-18.10.50-1004x1024.jpeg\" alt=\"\" width=\"422\" height=\"430\" \/><\/a><\/p>\n<h6 style=\"text-align: center;\"><a href=\"https:\/\/youtu.be\/7dHwhOEbclA?feature=shared\" target=\"_blank\" rel=\"noopener\">V\u00eddeo<\/a><\/h6>\n<\/div>\n<p data-end=\"1586\" data-start=\"1553\"><em><strong>\u00bfC\u00f3mo funcionar\u00e1?<\/strong><\/em><\/p>\n<ul data-end=\"2724\" data-start=\"2500\">\n<li data-end=\"1691\" data-start=\"1590\">Las sesiones son gratuitas, con una duraci\u00f3n de 1 hora y se realizar\u00e1n en formato online.<\/li>\n<li data-end=\"1844\" data-start=\"1694\">En el caso del asesoramiento psicol\u00f3gico con Fluxua, se realizar\u00e1n a trav\u00e9s de su plataforma web: <a href=\"https:\/\/fluxua.online\/\" target=\"_new\" rel=\"noopener\" data-end=\"1844\" data-start=\"1796\" data-cke-saved-href=\"https:\/\/fluxua.online\/\">https:\/\/fluxua.online\/<\/a><\/li>\n<li data-end=\"2020\" data-start=\"1847\">Las sesiones de mediaci\u00f3n interracial ser\u00e1n preferentemente online, aunque pueden realizarse de forma presencial en Barcelona, si la persona solicitante lo requiere.<\/li>\n<li data-end=\"2156\" data-start=\"2023\">Este servicio est\u00e1 dirigido exclusivamente a familias socias de AFNE, con un m\u00e1ximo de 3 sesiones subvencionadas por familia.<\/li>\n<li data-end=\"2413\" data-start=\"2159\">Podr\u00e1n participar tanto personas adultas como adolescentes. En el caso de menores, se requerir\u00e1 autorizaci\u00f3n de la madre o el padre. Tambi\u00e9n existe la posibilidad de hacer sesiones mixtas (45 minutos con el\/la joven y 15 minutos con la madre o el padre).<\/li>\n<\/ul>\n<div><strong><em>Para solicitar el servicio, solo hay que rellenar el formulario correspondiente:<\/em><\/strong><\/div>\n<ul data-end=\"2724\" data-start=\"2500\">\n<li data-end=\"2618\" data-start=\"2500\">\n<p data-end=\"2618\" data-start=\"2502\"><em><strong data-end=\"2540\" data-start=\"2502\">Asesoramiento psicol\u00f3gico familiar<\/strong>:<\/em> <em><a href=\"https:\/\/forms.gle\/ahCZoqavQeosWHT46\" target=\"_new\" rel=\"noopener\" data-end=\"2616\" data-start=\"2542\" data-cke-saved-href=\"https:\/\/forms.gle\/ahCZoqavQeosWHT46\">https:\/\/forms.gle\/ahCZoqavQeosWHT46<\/a><\/em><\/p>\n<\/li>\n<li data-end=\"2724\" data-start=\"2621\">\n<p data-end=\"2724\" data-start=\"2623\"><em><strong data-end=\"2648\" data-start=\"2623\">Mediaci\u00f3n interracial<\/strong>: <a href=\"https:\/\/forms.gle\/MuPcwXSv9iEzXEMQ8\" target=\"_new\" rel=\"noopener\" data-end=\"2724\" data-start=\"2650\" data-cke-saved-href=\"https:\/\/forms.gle\/MuPcwXSv9iEzXEMQ8\">https:\/\/forms.gle\/MuPcwXSv9iEzXEMQ8<\/a><\/em><\/p>\n<\/li>\n<\/ul>\n<p>Tras recibir vuestra solicitud, el equipo profesional correspondiente se pondr\u00e1 en contacto para concertar la cita.<\/p>\n<div>\n<div>\n<div>\n<p><em>Esperamos que esta iniciativa contribuya a vuestro bienestar y al de vuestros hijos e hijas, as\u00ed como a fortalecer vuestros v\u00ednculos familiares.<\/em><\/p>\n<\/div>\n<div>El equipo de AFNE<\/div>\n<div><\/div>\n<\/div>\n<p><em><strong>Presentaci\u00f3n de los profesionales:<\/strong><\/em><\/p>\n<h3>ALFONSO NAVARRO<\/h3>\n<p><img decoding=\"async\" class=\"wp-image-15708 alignleft\" src=\"https:\/\/www.afne.org\/wp-content\/uploads\/2025\/09\/alfonso-navarro.jpg\" alt=\"\" width=\"252\" height=\"252\" \/><em>Licenciado por la Universidad Miguel Hern\u00e1ndez, con estudios en psicolog\u00eda cl\u00ednica y An\u00e1lisis Transaccional. Est\u00e1 especializado en el trabajo terap\u00e9utico con adultos, adolescentes y familias en recursos de hospitalizaci\u00f3n, hospital de d\u00eda y r\u00e9gimen ambulatorio.<\/em><br \/>\n<em>\u00a0<\/em><br \/>\n<em>Servicio de screening de diagn\u00f3sticos de neuropsicolog\u00eda:<\/em><em>\u00a0<\/em><br \/>\n<em>Desde este a\u00f1o 2025 hemos creado tambi\u00e9n la opci\u00f3n para los usuarios de las asociaciones con las que colaboramos el servicio de screening (pre-diagn\u00f3stico) de trastornos de neurodesarrollo, del aprendizaje, lectoescritura, atenci\u00f3n e hiperactividad, cociente intelectual o el espectro autista.<\/em><br \/>\n<em>\u00a0<\/em><br \/>\n<em><strong>No es un servicio de diagn\u00f3stico en s\u00ed mismo<\/strong>, sino una exploraci\u00f3n para comprobar si ser\u00eda importante o no continuar con una evaluaci\u00f3n en profundidad de estas problem\u00e1ticas.<\/em><em>\u00a0<\/em><br \/>\n<em><strong>En muchos casos resulta crucial conocer si es necesario explorar estos posibles funcionamientos que condicionar\u00e1n el desarrollo de manera permanente<\/strong>, para poder despu\u00e9s adaptar los entornos y objetivos de estos ni\u00f1os y ni\u00f1as a sus caracter\u00edsticas concretas.<\/em><\/p>\n<h3><strong>CARI MC CAY<\/strong><\/h3>\n<p><img loading=\"lazy\" decoding=\"async\" class=\"wp-image-15724 alignleft\" src=\"https:\/\/www.afne.org\/wp-content\/uploads\/2025\/09\/cari-mccay.jpg\" alt=\"\" width=\"194\" height=\"258\" \/><\/p>\n<p><em>Trabajadora Social y Mediadora Familiar con 25 a\u00f1os de experiencia en trabajo social y 10 a\u00f1os como mediadora familiar, tambi\u00e9n soy una mujer que fue adoptada.<\/em><\/p>\n<p>He colaborado con diferentes asociaciones y entidades tanto p\u00fablicas como privadas vinculadas al mundo de la adopci\u00f3n. Fui presidenta de la Asociaci\u00f3n Gerard, asociaci\u00f3n que trabajaba por la defensa de los derechos a desarrollar una identidad positiva de los ni\u00f1os y ni\u00f1as racializados adoptados.<\/p>\n<p>El activismo anti-racista forma parte de mi vida desde hace muchos a\u00f1os y sigue siendo un elemento importante en mi vida<br \/>\n<strong>\u00a0<\/strong><br \/>\n<strong>El servicio de Mediaci\u00f3n Interracial es un servicio especializado de mediaci\u00f3n con perspectiva interseccional y antirracista, en el que poder trabajar y hablar de los conflictos que tienen lugar en las relaciones familiares<\/strong> (especialmente en un contexto de adopci\u00f3n o acogimiento), desacuerdos en la pareja, conflictos laborales, etc. entre personas de origen \u00e9tnico diverso.<\/p>\n<p>&nbsp;<\/p>\n<p>&nbsp;<\/p>\n<\/div>\n<div><\/div>\n<div><\/div>\n<p>&nbsp;<\/p>\n","protected":false},"excerpt":{"rendered":"<p>Presentamos una nueva iniciativa para este 2025 de sesiones gratuitas de asesoramiento psicol\u00f3gico familiar y de mediaci\u00f3n interracial que deseamos sean de vuestro inter\u00e9s.<\/p>\n","protected":false},"author":2,"featured_media":22356,"comment_status":"open","ping_status":"open","sticky":false,"template":"","format":"standard","meta":{"_acf_changed":false,"footnotes":""},"categories":[529,690,694],"tags":[747,988,867,989,990,991,992,993,994,655,656],"class_list":["post-23900","post","type-post","status-publish","format-standard","has-post-thumbnail","hentry","category-activitats-2","category-destacat-2-2","category-tallers-de-formacio-activitats-2","tag-alfonso-navarro-2","tag-antiracisme-2","tag-antiracismo-2","tag-asesoramiento-psicologico-2","tag-assesorament-psicologic-familiar-2","tag-cary-mccay-2","tag-mediacio-interracial-2","tag-mediacion-familiar-2","tag-mediacion-interracial-2","tag-racisme-2","tag-racismo-2"],"acf":[],"yoast_head":"<!-- This site is optimized with the Yoast SEO plugin v26.4 - https:\/\/yoast.com\/wordpress\/plugins\/seo\/ -->\n<title>Sesiones gratuitas de asesoramiento psicol\u00f3gico familiar y de mediaci\u00f3n interracial - AFNE<\/title>\n<meta name=\"robots\" content=\"index, follow, max-snippet:-1, max-image-preview:large, max-video-preview:-1\" \/>\n<link rel=\"canonical\" href=\"https:\/\/www.afne.org\/es\/2025\/05\/sessions-gratuites-dassessorament-psicologic-familiar-i-de-mediacio-interracial\/\" \/>\n<meta property=\"og:locale\" content=\"es_ES\" \/>\n<meta property=\"og:type\" content=\"article\" \/>\n<meta property=\"og:title\" content=\"Sesiones gratuitas de asesoramiento psicol\u00f3gico familiar y de mediaci\u00f3n interracial - AFNE\" \/>\n<meta property=\"og:description\" content=\"Presentamos una nueva iniciativa para este 2025 de sesiones gratuitas de asesoramiento psicol\u00f3gico familiar y de mediaci\u00f3n interracial que deseamos sean de vuestro inter\u00e9s.\" \/>\n<meta property=\"og:url\" content=\"https:\/\/www.afne.org\/es\/2025\/05\/sessions-gratuites-dassessorament-psicologic-familiar-i-de-mediacio-interracial\/\" \/>\n<meta property=\"og:site_name\" content=\"AFNE\" \/>\n<meta property=\"article:publisher\" content=\"https:\/\/www.facebook.com\/afne.org\" \/>\n<meta property=\"article:published_time\" content=\"2025-05-16T11:15:02+00:00\" \/>\n<meta property=\"article:modified_time\" content=\"2025-09-10T09:42:50+00:00\" \/>\n<meta property=\"og:image\" content=\"https:\/\/www.afne.org\/wp-content\/uploads\/2025\/09\/talleres-nerea-segona-edicio.png\" \/>\n\t<meta property=\"og:image:width\" content=\"1700\" \/>\n\t<meta property=\"og:image:height\" content=\"450\" \/>\n\t<meta property=\"og:image:type\" content=\"image\/png\" \/>\n<meta name=\"author\" content=\"Maria\" \/>\n<meta name=\"twitter:card\" content=\"summary_large_image\" \/>\n<meta name=\"twitter:label1\" content=\"Escrito por\" \/>\n\t<meta name=\"twitter:data1\" content=\"Maria\" \/>\n\t<meta name=\"twitter:label2\" content=\"Tiempo de lectura\" \/>\n\t<meta name=\"twitter:data2\" content=\"4 minutos\" \/>\n<script type=\"application\/ld+json\" class=\"yoast-schema-graph\">{\"@context\":\"https:\/\/schema.org\",\"@graph\":[{\"@type\":\"Article\",\"@id\":\"https:\/\/www.afne.org\/es\/2025\/05\/sessions-gratuites-dassessorament-psicologic-familiar-i-de-mediacio-interracial\/#article\",\"isPartOf\":{\"@id\":\"https:\/\/www.afne.org\/es\/2025\/05\/sessions-gratuites-dassessorament-psicologic-familiar-i-de-mediacio-interracial\/\"},\"author\":{\"name\":\"Maria\",\"@id\":\"https:\/\/www.afne.org\/es\/#\/schema\/person\/e2b1819ab1075ef10bbab085245274a6\"},\"headline\":\"Sesiones gratuitas de asesoramiento psicol\u00f3gico familiar y de mediaci\u00f3n interracial\",\"datePublished\":\"2025-05-16T11:15:02+00:00\",\"dateModified\":\"2025-09-10T09:42:50+00:00\",\"mainEntityOfPage\":{\"@id\":\"https:\/\/www.afne.org\/es\/2025\/05\/sessions-gratuites-dassessorament-psicologic-familiar-i-de-mediacio-interracial\/\"},\"wordCount\":751,\"commentCount\":0,\"publisher\":{\"@id\":\"https:\/\/www.afne.org\/es\/#organization\"},\"image\":{\"@id\":\"https:\/\/www.afne.org\/es\/2025\/05\/sessions-gratuites-dassessorament-psicologic-familiar-i-de-mediacio-interracial\/#primaryimage\"},\"thumbnailUrl\":\"https:\/\/www.afne.org\/wp-content\/uploads\/2025\/09\/talleres-nerea-segona-edicio.png\",\"keywords\":[\"Alfonso Navarro\",\"antiracisme\",\"Antiracismo\",\"asesoramiento psicol\u00f3gico\",\"Assesorament psicologic familiar\",\"Cary McCay\",\"mediaci\u00f3 interracial\",\"mediaci\u00f3n familiar\",\"mediaci\u00f3n interracial\",\"racisme\",\"racismo\"],\"articleSection\":[\"Actividades\",\"Destacat 2\",\"Tallers de formaci\u00f3\"],\"inLanguage\":\"es\",\"potentialAction\":[{\"@type\":\"CommentAction\",\"name\":\"Comment\",\"target\":[\"https:\/\/www.afne.org\/es\/2025\/05\/sessions-gratuites-dassessorament-psicologic-familiar-i-de-mediacio-interracial\/#respond\"]}]},{\"@type\":\"WebPage\",\"@id\":\"https:\/\/www.afne.org\/es\/2025\/05\/sessions-gratuites-dassessorament-psicologic-familiar-i-de-mediacio-interracial\/\",\"url\":\"https:\/\/www.afne.org\/es\/2025\/05\/sessions-gratuites-dassessorament-psicologic-familiar-i-de-mediacio-interracial\/\",\"name\":\"Sesiones gratuitas de asesoramiento psicol\u00f3gico familiar y de mediaci\u00f3n interracial - AFNE\",\"isPartOf\":{\"@id\":\"https:\/\/www.afne.org\/es\/#website\"},\"primaryImageOfPage\":{\"@id\":\"https:\/\/www.afne.org\/es\/2025\/05\/sessions-gratuites-dassessorament-psicologic-familiar-i-de-mediacio-interracial\/#primaryimage\"},\"image\":{\"@id\":\"https:\/\/www.afne.org\/es\/2025\/05\/sessions-gratuites-dassessorament-psicologic-familiar-i-de-mediacio-interracial\/#primaryimage\"},\"thumbnailUrl\":\"https:\/\/www.afne.org\/wp-content\/uploads\/2025\/09\/talleres-nerea-segona-edicio.png\",\"datePublished\":\"2025-05-16T11:15:02+00:00\",\"dateModified\":\"2025-09-10T09:42:50+00:00\",\"breadcrumb\":{\"@id\":\"https:\/\/www.afne.org\/es\/2025\/05\/sessions-gratuites-dassessorament-psicologic-familiar-i-de-mediacio-interracial\/#breadcrumb\"},\"inLanguage\":\"es\",\"potentialAction\":[{\"@type\":\"ReadAction\",\"target\":[\"https:\/\/www.afne.org\/es\/2025\/05\/sessions-gratuites-dassessorament-psicologic-familiar-i-de-mediacio-interracial\/\"]}]},{\"@type\":\"ImageObject\",\"inLanguage\":\"es\",\"@id\":\"https:\/\/www.afne.org\/es\/2025\/05\/sessions-gratuites-dassessorament-psicologic-familiar-i-de-mediacio-interracial\/#primaryimage\",\"url\":\"https:\/\/www.afne.org\/wp-content\/uploads\/2025\/09\/talleres-nerea-segona-edicio.png\",\"contentUrl\":\"https:\/\/www.afne.org\/wp-content\/uploads\/2025\/09\/talleres-nerea-segona-edicio.png\",\"width\":1700,\"height\":450},{\"@type\":\"BreadcrumbList\",\"@id\":\"https:\/\/www.afne.org\/es\/2025\/05\/sessions-gratuites-dassessorament-psicologic-familiar-i-de-mediacio-interracial\/#breadcrumb\",\"itemListElement\":[{\"@type\":\"ListItem\",\"position\":1,\"name\":\"Inici\",\"item\":\"https:\/\/www.afne.org\/es\/\"},{\"@type\":\"ListItem\",\"position\":2,\"name\":\"Sesiones gratuitas de asesoramiento psicol\u00f3gico familiar y de mediaci\u00f3n interracial\"}]},{\"@type\":\"WebSite\",\"@id\":\"https:\/\/www.afne.org\/es\/#website\",\"url\":\"https:\/\/www.afne.org\/es\/\",\"name\":\"AFNE\",\"description\":\"Units a Eti\u00f2pia\",\"publisher\":{\"@id\":\"https:\/\/www.afne.org\/es\/#organization\"},\"potentialAction\":[{\"@type\":\"SearchAction\",\"target\":{\"@type\":\"EntryPoint\",\"urlTemplate\":\"https:\/\/www.afne.org\/es\/?s={search_term_string}\"},\"query-input\":{\"@type\":\"PropertyValueSpecification\",\"valueRequired\":true,\"valueName\":\"search_term_string\"}}],\"inLanguage\":\"es\"},{\"@type\":\"Organization\",\"@id\":\"https:\/\/www.afne.org\/es\/#organization\",\"name\":\"Associaci\u00f3 de Fam\u00edlies de Nens i Nenes d\u2019Eti\u00f2pia\",\"url\":\"https:\/\/www.afne.org\/es\/\",\"logo\":{\"@type\":\"ImageObject\",\"inLanguage\":\"es\",\"@id\":\"https:\/\/www.afne.org\/es\/#\/schema\/logo\/image\/\",\"url\":\"https:\/\/www.afne.org\/wp-content\/uploads\/2025\/07\/logotip-afne.png\",\"contentUrl\":\"https:\/\/www.afne.org\/wp-content\/uploads\/2025\/07\/logotip-afne.png\",\"width\":200,\"height\":48,\"caption\":\"Associaci\u00f3 de Fam\u00edlies de Nens i Nenes d\u2019Eti\u00f2pia\"},\"image\":{\"@id\":\"https:\/\/www.afne.org\/es\/#\/schema\/logo\/image\/\"},\"sameAs\":[\"https:\/\/www.facebook.com\/afne.org\",\"https:\/\/www.instagram.com\/afne_etiopia\/\",\"https:\/\/www.youtube.com\/channel\/UCh-2Vrtq80T4SbmHu0u1Beg\",\"https:\/\/api.whatsapp.com\/message\/M2WZK3UT5QBFH1?autoload=1&app_absent=0\"]},{\"@type\":\"Person\",\"@id\":\"https:\/\/www.afne.org\/es\/#\/schema\/person\/e2b1819ab1075ef10bbab085245274a6\",\"name\":\"Maria\",\"image\":{\"@type\":\"ImageObject\",\"inLanguage\":\"es\",\"@id\":\"https:\/\/www.afne.org\/es\/#\/schema\/person\/image\/\",\"url\":\"https:\/\/secure.gravatar.com\/avatar\/f2fe719204648ce61585bd99cd483488f59a44cf04b371ed78c3488d747d71de?s=96&d=mm&r=g\",\"contentUrl\":\"https:\/\/secure.gravatar.com\/avatar\/f2fe719204648ce61585bd99cd483488f59a44cf04b371ed78c3488d747d71de?s=96&d=mm&r=g\",\"caption\":\"Maria\"}}]}<\/script>\n<!-- \/ Yoast SEO plugin. -->","yoast_head_json":{"title":"Sesiones gratuitas de asesoramiento psicol\u00f3gico familiar y de mediaci\u00f3n interracial - AFNE","robots":{"index":"index","follow":"follow","max-snippet":"max-snippet:-1","max-image-preview":"max-image-preview:large","max-video-preview":"max-video-preview:-1"},"canonical":"https:\/\/www.afne.org\/es\/2025\/05\/sessions-gratuites-dassessorament-psicologic-familiar-i-de-mediacio-interracial\/","og_locale":"es_ES","og_type":"article","og_title":"Sesiones gratuitas de asesoramiento psicol\u00f3gico familiar y de mediaci\u00f3n interracial - AFNE","og_description":"Presentamos una nueva iniciativa para este 2025 de sesiones gratuitas de asesoramiento psicol\u00f3gico familiar y de mediaci\u00f3n interracial que deseamos sean de vuestro inter\u00e9s.","og_url":"https:\/\/www.afne.org\/es\/2025\/05\/sessions-gratuites-dassessorament-psicologic-familiar-i-de-mediacio-interracial\/","og_site_name":"AFNE","article_publisher":"https:\/\/www.facebook.com\/afne.org","article_published_time":"2025-05-16T11:15:02+00:00","article_modified_time":"2025-09-10T09:42:50+00:00","og_image":[{"width":1700,"height":450,"url":"https:\/\/www.afne.org\/wp-content\/uploads\/2025\/09\/talleres-nerea-segona-edicio.png","type":"image\/png"}],"author":"Maria","twitter_card":"summary_large_image","twitter_misc":{"Escrito por":"Maria","Tiempo de lectura":"4 minutos"},"schema":{"@context":"https:\/\/schema.org","@graph":[{"@type":"Article","@id":"https:\/\/www.afne.org\/es\/2025\/05\/sessions-gratuites-dassessorament-psicologic-familiar-i-de-mediacio-interracial\/#article","isPartOf":{"@id":"https:\/\/www.afne.org\/es\/2025\/05\/sessions-gratuites-dassessorament-psicologic-familiar-i-de-mediacio-interracial\/"},"author":{"name":"Maria","@id":"https:\/\/www.afne.org\/es\/#\/schema\/person\/e2b1819ab1075ef10bbab085245274a6"},"headline":"Sesiones gratuitas de asesoramiento psicol\u00f3gico familiar y de mediaci\u00f3n interracial","datePublished":"2025-05-16T11:15:02+00:00","dateModified":"2025-09-10T09:42:50+00:00","mainEntityOfPage":{"@id":"https:\/\/www.afne.org\/es\/2025\/05\/sessions-gratuites-dassessorament-psicologic-familiar-i-de-mediacio-interracial\/"},"wordCount":751,"commentCount":0,"publisher":{"@id":"https:\/\/www.afne.org\/es\/#organization"},"image":{"@id":"https:\/\/www.afne.org\/es\/2025\/05\/sessions-gratuites-dassessorament-psicologic-familiar-i-de-mediacio-interracial\/#primaryimage"},"thumbnailUrl":"https:\/\/www.afne.org\/wp-content\/uploads\/2025\/09\/talleres-nerea-segona-edicio.png","keywords":["Alfonso Navarro","antiracisme","Antiracismo","asesoramiento psicol\u00f3gico","Assesorament psicologic familiar","Cary McCay","mediaci\u00f3 interracial","mediaci\u00f3n familiar","mediaci\u00f3n interracial","racisme","racismo"],"articleSection":["Actividades","Destacat 2","Tallers de formaci\u00f3"],"inLanguage":"es","potentialAction":[{"@type":"CommentAction","name":"Comment","target":["https:\/\/www.afne.org\/es\/2025\/05\/sessions-gratuites-dassessorament-psicologic-familiar-i-de-mediacio-interracial\/#respond"]}]},{"@type":"WebPage","@id":"https:\/\/www.afne.org\/es\/2025\/05\/sessions-gratuites-dassessorament-psicologic-familiar-i-de-mediacio-interracial\/","url":"https:\/\/www.afne.org\/es\/2025\/05\/sessions-gratuites-dassessorament-psicologic-familiar-i-de-mediacio-interracial\/","name":"Sesiones gratuitas de asesoramiento psicol\u00f3gico familiar y de mediaci\u00f3n interracial - AFNE","isPartOf":{"@id":"https:\/\/www.afne.org\/es\/#website"},"primaryImageOfPage":{"@id":"https:\/\/www.afne.org\/es\/2025\/05\/sessions-gratuites-dassessorament-psicologic-familiar-i-de-mediacio-interracial\/#primaryimage"},"image":{"@id":"https:\/\/www.afne.org\/es\/2025\/05\/sessions-gratuites-dassessorament-psicologic-familiar-i-de-mediacio-interracial\/#primaryimage"},"thumbnailUrl":"https:\/\/www.afne.org\/wp-content\/uploads\/2025\/09\/talleres-nerea-segona-edicio.png","datePublished":"2025-05-16T11:15:02+00:00","dateModified":"2025-09-10T09:42:50+00:00","breadcrumb":{"@id":"https:\/\/www.afne.org\/es\/2025\/05\/sessions-gratuites-dassessorament-psicologic-familiar-i-de-mediacio-interracial\/#breadcrumb"},"inLanguage":"es","potentialAction":[{"@type":"ReadAction","target":["https:\/\/www.afne.org\/es\/2025\/05\/sessions-gratuites-dassessorament-psicologic-familiar-i-de-mediacio-interracial\/"]}]},{"@type":"ImageObject","inLanguage":"es","@id":"https:\/\/www.afne.org\/es\/2025\/05\/sessions-gratuites-dassessorament-psicologic-familiar-i-de-mediacio-interracial\/#primaryimage","url":"https:\/\/www.afne.org\/wp-content\/uploads\/2025\/09\/talleres-nerea-segona-edicio.png","contentUrl":"https:\/\/www.afne.org\/wp-content\/uploads\/2025\/09\/talleres-nerea-segona-edicio.png","width":1700,"height":450},{"@type":"BreadcrumbList","@id":"https:\/\/www.afne.org\/es\/2025\/05\/sessions-gratuites-dassessorament-psicologic-familiar-i-de-mediacio-interracial\/#breadcrumb","itemListElement":[{"@type":"ListItem","position":1,"name":"Inici","item":"https:\/\/www.afne.org\/es\/"},{"@type":"ListItem","position":2,"name":"Sesiones gratuitas de asesoramiento psicol\u00f3gico familiar y de mediaci\u00f3n interracial"}]},{"@type":"WebSite","@id":"https:\/\/www.afne.org\/es\/#website","url":"https:\/\/www.afne.org\/es\/","name":"AFNE","description":"Units a Eti\u00f2pia","publisher":{"@id":"https:\/\/www.afne.org\/es\/#organization"},"potentialAction":[{"@type":"SearchAction","target":{"@type":"EntryPoint","urlTemplate":"https:\/\/www.afne.org\/es\/?s={search_term_string}"},"query-input":{"@type":"PropertyValueSpecification","valueRequired":true,"valueName":"search_term_string"}}],"inLanguage":"es"},{"@type":"Organization","@id":"https:\/\/www.afne.org\/es\/#organization","name":"Associaci\u00f3 de Fam\u00edlies de Nens i Nenes d\u2019Eti\u00f2pia","url":"https:\/\/www.afne.org\/es\/","logo":{"@type":"ImageObject","inLanguage":"es","@id":"https:\/\/www.afne.org\/es\/#\/schema\/logo\/image\/","url":"https:\/\/www.afne.org\/wp-content\/uploads\/2025\/07\/logotip-afne.png","contentUrl":"https:\/\/www.afne.org\/wp-content\/uploads\/2025\/07\/logotip-afne.png","width":200,"height":48,"caption":"Associaci\u00f3 de Fam\u00edlies de Nens i Nenes d\u2019Eti\u00f2pia"},"image":{"@id":"https:\/\/www.afne.org\/es\/#\/schema\/logo\/image\/"},"sameAs":["https:\/\/www.facebook.com\/afne.org","https:\/\/www.instagram.com\/afne_etiopia\/","https:\/\/www.youtube.com\/channel\/UCh-2Vrtq80T4SbmHu0u1Beg","https:\/\/api.whatsapp.com\/message\/M2WZK3UT5QBFH1?autoload=1&app_absent=0"]},{"@type":"Person","@id":"https:\/\/www.afne.org\/es\/#\/schema\/person\/e2b1819ab1075ef10bbab085245274a6","name":"Maria","image":{"@type":"ImageObject","inLanguage":"es","@id":"https:\/\/www.afne.org\/es\/#\/schema\/person\/image\/","url":"https:\/\/secure.gravatar.com\/avatar\/f2fe719204648ce61585bd99cd483488f59a44cf04b371ed78c3488d747d71de?s=96&d=mm&r=g","contentUrl":"https:\/\/secure.gravatar.com\/avatar\/f2fe719204648ce61585bd99cd483488f59a44cf04b371ed78c3488d747d71de?s=96&d=mm&r=g","caption":"Maria"}}]}},"_links":{"self":[{"href":"https:\/\/www.afne.org\/es\/wp-json\/wp\/v2\/posts\/23900","targetHints":{"allow":["GET"]}}],"collection":[{"href":"https:\/\/www.afne.org\/es\/wp-json\/wp\/v2\/posts"}],"about":[{"href":"https:\/\/www.afne.org\/es\/wp-json\/wp\/v2\/types\/post"}],"author":[{"embeddable":true,"href":"https:\/\/www.afne.org\/es\/wp-json\/wp\/v2\/users\/2"}],"replies":[{"embeddable":true,"href":"https:\/\/www.afne.org\/es\/wp-json\/wp\/v2\/comments?post=23900"}],"version-history":[{"count":1,"href":"https:\/\/www.afne.org\/es\/wp-json\/wp\/v2\/posts\/23900\/revisions"}],"predecessor-version":[{"id":23901,"href":"https:\/\/www.afne.org\/es\/wp-json\/wp\/v2\/posts\/23900\/revisions\/23901"}],"wp:featuredmedia":[{"embeddable":true,"href":"https:\/\/www.afne.org\/es\/wp-json\/wp\/v2\/media\/22356"}],"wp:attachment":[{"href":"https:\/\/www.afne.org\/es\/wp-json\/wp\/v2\/media?parent=23900"}],"wp:term":[{"taxonomy":"category","embeddable":true,"href":"https:\/\/www.afne.org\/es\/wp-json\/wp\/v2\/categories?post=23900"},{"taxonomy":"post_tag","embeddable":true,"href":"https:\/\/www.afne.org\/es\/wp-json\/wp\/v2\/tags?post=23900"}],"curies":[{"name":"wp","href":"https:\/\/api.w.org\/{rel}","templated":true}]}}