{"id":23264,"date":"2019-11-11T12:24:49","date_gmt":"2019-11-11T11:24:49","guid":{"rendered":"http:\/\/www.afnebeta.org.mialias.net\/2019\/11\/nou-equip-collaboradores-projecte-etiopia-en-positiu\/"},"modified":"2025-09-10T11:40:31","modified_gmt":"2025-09-10T09:40:31","slug":"nou-equip-collaboradores-projecte-etiopia-en-positiu","status":"publish","type":"post","link":"https:\/\/www.afne.org\/es\/2019\/11\/nou-equip-collaboradores-projecte-etiopia-en-positiu\/","title":{"rendered":"Nuevo equipo de colaboradoras del proyecto \u00abEtiop\u00eda en positivo\u00bb"},"content":{"rendered":"<p>Desde hace unos meses, vamos publicando peri\u00f3dicamente art\u00edculos enmarcados dentro del proyecto \u00ab<a href=\"http:\/\/afne.org\/es\/category\/articles\/etiopia-en-positiu\/\" target=\"_blank\" rel=\"noopener noreferrer\">Etiop\u00eda en positivo<\/a>\u00ab. Se trata de un proyecto que pretende acercar a los ni\u00f1os y j\u00f3venes adoptados de Etiop\u00eda, y a sus familias, informaciones de su pa\u00eds de origen (sobre cultura, gastronom\u00eda, m\u00fasica, baile, pol\u00edtica, sociedad, demograf\u00eda&#8230;), desde una visi\u00f3n m\u00e1s cercana y positiva, que no suele ser la que ofrecen los medios de comunicaci\u00f3n.<\/p>\n<p><!--more--><\/p>\n<p>Tenemos claro que conocer estos or\u00edgenes forma parte de su identidad y les ayuda a entenderse y a entender mejor su condici\u00f3n. Para ello, contamos con un equipo de colaboradoras formado por <strong>Bezawerk Oliver<\/strong>, que ya <a href=\"http:\/\/afne.org\/es\/author\/bezawerk-oliver\/\" target=\"_blank\" rel=\"noopener noreferrer\">ha publicado varios art\u00edculos<\/a> en nuestra web, y tambi\u00e9n\u00a0por <strong>Ennatu Domingo<\/strong>, que hace algunas semanas ya public\u00f3\u00a0<a href=\"http:\/\/afne.org\/es\/2019\/09\/doble-identitat-el-nexe-entre-la-immigracio-i-ladopcio\/\" target=\"_blank\" rel=\"noopener noreferrer\">su primer art\u00edculo<\/a>.<\/p>\n<p>\u00a1Bienvenidas! \u00a1Y gracias a las dos por vuestra colaboraci\u00f3n!<\/p>\n<p>&nbsp;<\/p>\n<figure id=\"attachment_8983\" aria-describedby=\"caption-attachment-8983\" style=\"width: 1024px\" class=\"wp-caption aligncenter\"><a href=\"https:\/\/www.afne.org\/wp-content\/uploads\/2025\/09\/AFNE-Beza-Ennatu.jpg\" target=\"_blank\" rel=\"noopener noreferrer\"><img fetchpriority=\"high\" decoding=\"async\" class=\"wp-image-8983 size-full\" src=\"https:\/\/www.afne.org\/wp-content\/uploads\/2025\/09\/AFNE-Beza-Ennatu.jpg\" alt=\"\" width=\"1024\" height=\"1045\" \/><\/a><figcaption id=\"caption-attachment-8983\" class=\"wp-caption-text\">Bezawerk Oliver y Ennatu Domingo<\/figcaption><\/figure>\n","protected":false},"excerpt":{"rendered":"<p>Desde hace unos meses, vamos publicando peri\u00f3dicamente art\u00edculos enmarcados dentro del proyecto \u00abEtiop\u00eda en positivo\u00ab. Se trata de un proyecto que pretende acercar a los ni\u00f1os y j\u00f3venes adoptados de Etiop\u00eda, y a sus familias, informaciones de su pa\u00eds de origen (sobre cultura, gastronom\u00eda, m\u00fasica, baile, pol\u00edtica, sociedad, demograf\u00eda&#8230;), desde una visi\u00f3n m\u00e1s cercana y [&hellip;]<\/p>\n","protected":false},"author":2,"featured_media":18517,"comment_status":"open","ping_status":"open","sticky":false,"template":"","format":"standard","meta":{"_acf_changed":false,"footnotes":""},"categories":[527,602,525],"tags":[],"class_list":["post-23264","post","type-post","status-publish","format-standard","has-post-thumbnail","hentry","category-articles-2","category-etiopia-en-positiu-articles-2","category-nota-2"],"acf":[],"yoast_head":"<!-- This site is optimized with the Yoast SEO plugin v26.4 - https:\/\/yoast.com\/wordpress\/plugins\/seo\/ -->\n<title>Nuevo equipo de colaboradoras del proyecto &quot;Etiop\u00eda en positivo&quot; - AFNE<\/title>\n<meta name=\"robots\" content=\"index, follow, max-snippet:-1, max-image-preview:large, max-video-preview:-1\" \/>\n<link rel=\"canonical\" href=\"https:\/\/www.afne.org\/es\/2019\/11\/nou-equip-collaboradores-projecte-etiopia-en-positiu\/\" \/>\n<meta property=\"og:locale\" content=\"es_ES\" \/>\n<meta property=\"og:type\" content=\"article\" \/>\n<meta property=\"og:title\" content=\"Nuevo equipo de colaboradoras del proyecto &quot;Etiop\u00eda en positivo&quot; - AFNE\" \/>\n<meta property=\"og:description\" content=\"Desde hace unos meses, vamos publicando peri\u00f3dicamente art\u00edculos enmarcados dentro del proyecto \u00abEtiop\u00eda en positivo\u00ab. Se trata de un proyecto que pretende acercar a los ni\u00f1os y j\u00f3venes adoptados de Etiop\u00eda, y a sus familias, informaciones de su pa\u00eds de origen (sobre cultura, gastronom\u00eda, m\u00fasica, baile, pol\u00edtica, sociedad, demograf\u00eda&#8230;), desde una visi\u00f3n m\u00e1s cercana y [&hellip;]\" \/>\n<meta property=\"og:url\" content=\"https:\/\/www.afne.org\/es\/2019\/11\/nou-equip-collaboradores-projecte-etiopia-en-positiu\/\" \/>\n<meta property=\"og:site_name\" content=\"AFNE\" \/>\n<meta property=\"article:publisher\" content=\"https:\/\/www.facebook.com\/afne.org\" \/>\n<meta property=\"article:published_time\" content=\"2019-11-11T11:24:49+00:00\" \/>\n<meta property=\"article:modified_time\" content=\"2025-09-10T09:40:31+00:00\" \/>\n<meta property=\"og:image\" content=\"https:\/\/www.afne.org\/wp-content\/uploads\/2025\/09\/AFNE-Beza-Ennatu-web.jpg\" \/>\n\t<meta property=\"og:image:width\" content=\"768\" \/>\n\t<meta property=\"og:image:height\" content=\"350\" \/>\n\t<meta property=\"og:image:type\" content=\"image\/jpeg\" \/>\n<meta name=\"author\" content=\"Maria\" \/>\n<meta name=\"twitter:card\" content=\"summary_large_image\" \/>\n<meta name=\"twitter:label1\" content=\"Escrito por\" \/>\n\t<meta name=\"twitter:data1\" content=\"Maria\" \/>\n\t<meta name=\"twitter:label2\" content=\"Tiempo de lectura\" \/>\n\t<meta name=\"twitter:data2\" content=\"1 minuto\" \/>\n<script type=\"application\/ld+json\" class=\"yoast-schema-graph\">{\"@context\":\"https:\/\/schema.org\",\"@graph\":[{\"@type\":\"Article\",\"@id\":\"https:\/\/www.afne.org\/es\/2019\/11\/nou-equip-collaboradores-projecte-etiopia-en-positiu\/#article\",\"isPartOf\":{\"@id\":\"https:\/\/www.afne.org\/es\/2019\/11\/nou-equip-collaboradores-projecte-etiopia-en-positiu\/\"},\"author\":{\"name\":\"Maria\",\"@id\":\"https:\/\/www.afne.org\/es\/#\/schema\/person\/e2b1819ab1075ef10bbab085245274a6\"},\"headline\":\"Nuevo equipo de colaboradoras del proyecto \u00abEtiop\u00eda en positivo\u00bb\",\"datePublished\":\"2019-11-11T11:24:49+00:00\",\"dateModified\":\"2025-09-10T09:40:31+00:00\",\"mainEntityOfPage\":{\"@id\":\"https:\/\/www.afne.org\/es\/2019\/11\/nou-equip-collaboradores-projecte-etiopia-en-positiu\/\"},\"wordCount\":176,\"commentCount\":0,\"publisher\":{\"@id\":\"https:\/\/www.afne.org\/es\/#organization\"},\"image\":{\"@id\":\"https:\/\/www.afne.org\/es\/2019\/11\/nou-equip-collaboradores-projecte-etiopia-en-positiu\/#primaryimage\"},\"thumbnailUrl\":\"https:\/\/www.afne.org\/wp-content\/uploads\/2025\/09\/AFNE-Beza-Ennatu-web.jpg\",\"articleSection\":[\"Art\u00edculos\",\"Eti\u00f2pia en positiu\",\"Nota\"],\"inLanguage\":\"es\",\"potentialAction\":[{\"@type\":\"CommentAction\",\"name\":\"Comment\",\"target\":[\"https:\/\/www.afne.org\/es\/2019\/11\/nou-equip-collaboradores-projecte-etiopia-en-positiu\/#respond\"]}]},{\"@type\":\"WebPage\",\"@id\":\"https:\/\/www.afne.org\/es\/2019\/11\/nou-equip-collaboradores-projecte-etiopia-en-positiu\/\",\"url\":\"https:\/\/www.afne.org\/es\/2019\/11\/nou-equip-collaboradores-projecte-etiopia-en-positiu\/\",\"name\":\"Nuevo equipo de colaboradoras del proyecto \\\"Etiop\u00eda en positivo\\\" - AFNE\",\"isPartOf\":{\"@id\":\"https:\/\/www.afne.org\/es\/#website\"},\"primaryImageOfPage\":{\"@id\":\"https:\/\/www.afne.org\/es\/2019\/11\/nou-equip-collaboradores-projecte-etiopia-en-positiu\/#primaryimage\"},\"image\":{\"@id\":\"https:\/\/www.afne.org\/es\/2019\/11\/nou-equip-collaboradores-projecte-etiopia-en-positiu\/#primaryimage\"},\"thumbnailUrl\":\"https:\/\/www.afne.org\/wp-content\/uploads\/2025\/09\/AFNE-Beza-Ennatu-web.jpg\",\"datePublished\":\"2019-11-11T11:24:49+00:00\",\"dateModified\":\"2025-09-10T09:40:31+00:00\",\"breadcrumb\":{\"@id\":\"https:\/\/www.afne.org\/es\/2019\/11\/nou-equip-collaboradores-projecte-etiopia-en-positiu\/#breadcrumb\"},\"inLanguage\":\"es\",\"potentialAction\":[{\"@type\":\"ReadAction\",\"target\":[\"https:\/\/www.afne.org\/es\/2019\/11\/nou-equip-collaboradores-projecte-etiopia-en-positiu\/\"]}]},{\"@type\":\"ImageObject\",\"inLanguage\":\"es\",\"@id\":\"https:\/\/www.afne.org\/es\/2019\/11\/nou-equip-collaboradores-projecte-etiopia-en-positiu\/#primaryimage\",\"url\":\"https:\/\/www.afne.org\/wp-content\/uploads\/2025\/09\/AFNE-Beza-Ennatu-web.jpg\",\"contentUrl\":\"https:\/\/www.afne.org\/wp-content\/uploads\/2025\/09\/AFNE-Beza-Ennatu-web.jpg\",\"width\":768,\"height\":350},{\"@type\":\"BreadcrumbList\",\"@id\":\"https:\/\/www.afne.org\/es\/2019\/11\/nou-equip-collaboradores-projecte-etiopia-en-positiu\/#breadcrumb\",\"itemListElement\":[{\"@type\":\"ListItem\",\"position\":1,\"name\":\"Inici\",\"item\":\"https:\/\/www.afne.org\/es\/\"},{\"@type\":\"ListItem\",\"position\":2,\"name\":\"Nuevo equipo de colaboradoras del proyecto \u00abEtiop\u00eda en positivo\u00bb\"}]},{\"@type\":\"WebSite\",\"@id\":\"https:\/\/www.afne.org\/es\/#website\",\"url\":\"https:\/\/www.afne.org\/es\/\",\"name\":\"AFNE\",\"description\":\"Units a Eti\u00f2pia\",\"publisher\":{\"@id\":\"https:\/\/www.afne.org\/es\/#organization\"},\"potentialAction\":[{\"@type\":\"SearchAction\",\"target\":{\"@type\":\"EntryPoint\",\"urlTemplate\":\"https:\/\/www.afne.org\/es\/?s={search_term_string}\"},\"query-input\":{\"@type\":\"PropertyValueSpecification\",\"valueRequired\":true,\"valueName\":\"search_term_string\"}}],\"inLanguage\":\"es\"},{\"@type\":\"Organization\",\"@id\":\"https:\/\/www.afne.org\/es\/#organization\",\"name\":\"Associaci\u00f3 de Fam\u00edlies de Nens i Nenes d\u2019Eti\u00f2pia\",\"url\":\"https:\/\/www.afne.org\/es\/\",\"logo\":{\"@type\":\"ImageObject\",\"inLanguage\":\"es\",\"@id\":\"https:\/\/www.afne.org\/es\/#\/schema\/logo\/image\/\",\"url\":\"https:\/\/www.afne.org\/wp-content\/uploads\/2025\/07\/logotip-afne.png\",\"contentUrl\":\"https:\/\/www.afne.org\/wp-content\/uploads\/2025\/07\/logotip-afne.png\",\"width\":200,\"height\":48,\"caption\":\"Associaci\u00f3 de Fam\u00edlies de Nens i Nenes d\u2019Eti\u00f2pia\"},\"image\":{\"@id\":\"https:\/\/www.afne.org\/es\/#\/schema\/logo\/image\/\"},\"sameAs\":[\"https:\/\/www.facebook.com\/afne.org\",\"https:\/\/www.instagram.com\/afne_etiopia\/\",\"https:\/\/www.youtube.com\/channel\/UCh-2Vrtq80T4SbmHu0u1Beg\",\"https:\/\/api.whatsapp.com\/message\/M2WZK3UT5QBFH1?autoload=1&app_absent=0\"]},{\"@type\":\"Person\",\"@id\":\"https:\/\/www.afne.org\/es\/#\/schema\/person\/e2b1819ab1075ef10bbab085245274a6\",\"name\":\"Maria\",\"image\":{\"@type\":\"ImageObject\",\"inLanguage\":\"es\",\"@id\":\"https:\/\/www.afne.org\/es\/#\/schema\/person\/image\/\",\"url\":\"https:\/\/secure.gravatar.com\/avatar\/f2fe719204648ce61585bd99cd483488f59a44cf04b371ed78c3488d747d71de?s=96&d=mm&r=g\",\"contentUrl\":\"https:\/\/secure.gravatar.com\/avatar\/f2fe719204648ce61585bd99cd483488f59a44cf04b371ed78c3488d747d71de?s=96&d=mm&r=g\",\"caption\":\"Maria\"}}]}<\/script>\n<!-- \/ Yoast SEO plugin. -->","yoast_head_json":{"title":"Nuevo equipo de colaboradoras del proyecto \"Etiop\u00eda en positivo\" - AFNE","robots":{"index":"index","follow":"follow","max-snippet":"max-snippet:-1","max-image-preview":"max-image-preview:large","max-video-preview":"max-video-preview:-1"},"canonical":"https:\/\/www.afne.org\/es\/2019\/11\/nou-equip-collaboradores-projecte-etiopia-en-positiu\/","og_locale":"es_ES","og_type":"article","og_title":"Nuevo equipo de colaboradoras del proyecto \"Etiop\u00eda en positivo\" - AFNE","og_description":"Desde hace unos meses, vamos publicando peri\u00f3dicamente art\u00edculos enmarcados dentro del proyecto \u00abEtiop\u00eda en positivo\u00ab. Se trata de un proyecto que pretende acercar a los ni\u00f1os y j\u00f3venes adoptados de Etiop\u00eda, y a sus familias, informaciones de su pa\u00eds de origen (sobre cultura, gastronom\u00eda, m\u00fasica, baile, pol\u00edtica, sociedad, demograf\u00eda&#8230;), desde una visi\u00f3n m\u00e1s cercana y [&hellip;]","og_url":"https:\/\/www.afne.org\/es\/2019\/11\/nou-equip-collaboradores-projecte-etiopia-en-positiu\/","og_site_name":"AFNE","article_publisher":"https:\/\/www.facebook.com\/afne.org","article_published_time":"2019-11-11T11:24:49+00:00","article_modified_time":"2025-09-10T09:40:31+00:00","og_image":[{"width":768,"height":350,"url":"https:\/\/www.afne.org\/wp-content\/uploads\/2025\/09\/AFNE-Beza-Ennatu-web.jpg","type":"image\/jpeg"}],"author":"Maria","twitter_card":"summary_large_image","twitter_misc":{"Escrito por":"Maria","Tiempo de lectura":"1 minuto"},"schema":{"@context":"https:\/\/schema.org","@graph":[{"@type":"Article","@id":"https:\/\/www.afne.org\/es\/2019\/11\/nou-equip-collaboradores-projecte-etiopia-en-positiu\/#article","isPartOf":{"@id":"https:\/\/www.afne.org\/es\/2019\/11\/nou-equip-collaboradores-projecte-etiopia-en-positiu\/"},"author":{"name":"Maria","@id":"https:\/\/www.afne.org\/es\/#\/schema\/person\/e2b1819ab1075ef10bbab085245274a6"},"headline":"Nuevo equipo de colaboradoras del proyecto \u00abEtiop\u00eda en positivo\u00bb","datePublished":"2019-11-11T11:24:49+00:00","dateModified":"2025-09-10T09:40:31+00:00","mainEntityOfPage":{"@id":"https:\/\/www.afne.org\/es\/2019\/11\/nou-equip-collaboradores-projecte-etiopia-en-positiu\/"},"wordCount":176,"commentCount":0,"publisher":{"@id":"https:\/\/www.afne.org\/es\/#organization"},"image":{"@id":"https:\/\/www.afne.org\/es\/2019\/11\/nou-equip-collaboradores-projecte-etiopia-en-positiu\/#primaryimage"},"thumbnailUrl":"https:\/\/www.afne.org\/wp-content\/uploads\/2025\/09\/AFNE-Beza-Ennatu-web.jpg","articleSection":["Art\u00edculos","Eti\u00f2pia en positiu","Nota"],"inLanguage":"es","potentialAction":[{"@type":"CommentAction","name":"Comment","target":["https:\/\/www.afne.org\/es\/2019\/11\/nou-equip-collaboradores-projecte-etiopia-en-positiu\/#respond"]}]},{"@type":"WebPage","@id":"https:\/\/www.afne.org\/es\/2019\/11\/nou-equip-collaboradores-projecte-etiopia-en-positiu\/","url":"https:\/\/www.afne.org\/es\/2019\/11\/nou-equip-collaboradores-projecte-etiopia-en-positiu\/","name":"Nuevo equipo de colaboradoras del proyecto \"Etiop\u00eda en positivo\" - AFNE","isPartOf":{"@id":"https:\/\/www.afne.org\/es\/#website"},"primaryImageOfPage":{"@id":"https:\/\/www.afne.org\/es\/2019\/11\/nou-equip-collaboradores-projecte-etiopia-en-positiu\/#primaryimage"},"image":{"@id":"https:\/\/www.afne.org\/es\/2019\/11\/nou-equip-collaboradores-projecte-etiopia-en-positiu\/#primaryimage"},"thumbnailUrl":"https:\/\/www.afne.org\/wp-content\/uploads\/2025\/09\/AFNE-Beza-Ennatu-web.jpg","datePublished":"2019-11-11T11:24:49+00:00","dateModified":"2025-09-10T09:40:31+00:00","breadcrumb":{"@id":"https:\/\/www.afne.org\/es\/2019\/11\/nou-equip-collaboradores-projecte-etiopia-en-positiu\/#breadcrumb"},"inLanguage":"es","potentialAction":[{"@type":"ReadAction","target":["https:\/\/www.afne.org\/es\/2019\/11\/nou-equip-collaboradores-projecte-etiopia-en-positiu\/"]}]},{"@type":"ImageObject","inLanguage":"es","@id":"https:\/\/www.afne.org\/es\/2019\/11\/nou-equip-collaboradores-projecte-etiopia-en-positiu\/#primaryimage","url":"https:\/\/www.afne.org\/wp-content\/uploads\/2025\/09\/AFNE-Beza-Ennatu-web.jpg","contentUrl":"https:\/\/www.afne.org\/wp-content\/uploads\/2025\/09\/AFNE-Beza-Ennatu-web.jpg","width":768,"height":350},{"@type":"BreadcrumbList","@id":"https:\/\/www.afne.org\/es\/2019\/11\/nou-equip-collaboradores-projecte-etiopia-en-positiu\/#breadcrumb","itemListElement":[{"@type":"ListItem","position":1,"name":"Inici","item":"https:\/\/www.afne.org\/es\/"},{"@type":"ListItem","position":2,"name":"Nuevo equipo de colaboradoras del proyecto \u00abEtiop\u00eda en positivo\u00bb"}]},{"@type":"WebSite","@id":"https:\/\/www.afne.org\/es\/#website","url":"https:\/\/www.afne.org\/es\/","name":"AFNE","description":"Units a Eti\u00f2pia","publisher":{"@id":"https:\/\/www.afne.org\/es\/#organization"},"potentialAction":[{"@type":"SearchAction","target":{"@type":"EntryPoint","urlTemplate":"https:\/\/www.afne.org\/es\/?s={search_term_string}"},"query-input":{"@type":"PropertyValueSpecification","valueRequired":true,"valueName":"search_term_string"}}],"inLanguage":"es"},{"@type":"Organization","@id":"https:\/\/www.afne.org\/es\/#organization","name":"Associaci\u00f3 de Fam\u00edlies de Nens i Nenes d\u2019Eti\u00f2pia","url":"https:\/\/www.afne.org\/es\/","logo":{"@type":"ImageObject","inLanguage":"es","@id":"https:\/\/www.afne.org\/es\/#\/schema\/logo\/image\/","url":"https:\/\/www.afne.org\/wp-content\/uploads\/2025\/07\/logotip-afne.png","contentUrl":"https:\/\/www.afne.org\/wp-content\/uploads\/2025\/07\/logotip-afne.png","width":200,"height":48,"caption":"Associaci\u00f3 de Fam\u00edlies de Nens i Nenes d\u2019Eti\u00f2pia"},"image":{"@id":"https:\/\/www.afne.org\/es\/#\/schema\/logo\/image\/"},"sameAs":["https:\/\/www.facebook.com\/afne.org","https:\/\/www.instagram.com\/afne_etiopia\/","https:\/\/www.youtube.com\/channel\/UCh-2Vrtq80T4SbmHu0u1Beg","https:\/\/api.whatsapp.com\/message\/M2WZK3UT5QBFH1?autoload=1&app_absent=0"]},{"@type":"Person","@id":"https:\/\/www.afne.org\/es\/#\/schema\/person\/e2b1819ab1075ef10bbab085245274a6","name":"Maria","image":{"@type":"ImageObject","inLanguage":"es","@id":"https:\/\/www.afne.org\/es\/#\/schema\/person\/image\/","url":"https:\/\/secure.gravatar.com\/avatar\/f2fe719204648ce61585bd99cd483488f59a44cf04b371ed78c3488d747d71de?s=96&d=mm&r=g","contentUrl":"https:\/\/secure.gravatar.com\/avatar\/f2fe719204648ce61585bd99cd483488f59a44cf04b371ed78c3488d747d71de?s=96&d=mm&r=g","caption":"Maria"}}]}},"_links":{"self":[{"href":"https:\/\/www.afne.org\/es\/wp-json\/wp\/v2\/posts\/23264","targetHints":{"allow":["GET"]}}],"collection":[{"href":"https:\/\/www.afne.org\/es\/wp-json\/wp\/v2\/posts"}],"about":[{"href":"https:\/\/www.afne.org\/es\/wp-json\/wp\/v2\/types\/post"}],"author":[{"embeddable":true,"href":"https:\/\/www.afne.org\/es\/wp-json\/wp\/v2\/users\/2"}],"replies":[{"embeddable":true,"href":"https:\/\/www.afne.org\/es\/wp-json\/wp\/v2\/comments?post=23264"}],"version-history":[{"count":1,"href":"https:\/\/www.afne.org\/es\/wp-json\/wp\/v2\/posts\/23264\/revisions"}],"predecessor-version":[{"id":23265,"href":"https:\/\/www.afne.org\/es\/wp-json\/wp\/v2\/posts\/23264\/revisions\/23265"}],"wp:featuredmedia":[{"embeddable":true,"href":"https:\/\/www.afne.org\/es\/wp-json\/wp\/v2\/media\/18517"}],"wp:attachment":[{"href":"https:\/\/www.afne.org\/es\/wp-json\/wp\/v2\/media?parent=23264"}],"wp:term":[{"taxonomy":"category","embeddable":true,"href":"https:\/\/www.afne.org\/es\/wp-json\/wp\/v2\/categories?post=23264"},{"taxonomy":"post_tag","embeddable":true,"href":"https:\/\/www.afne.org\/es\/wp-json\/wp\/v2\/tags?post=23264"}],"curies":[{"name":"wp","href":"https:\/\/api.w.org\/{rel}","templated":true}]}}