{"id":23170,"date":"2019-05-24T09:26:31","date_gmt":"2019-05-24T07:26:31","guid":{"rendered":"http:\/\/www.afnebeta.org.mialias.net\/2019\/05\/immigracio-lenderrocament-dels-murs-fisics-i-mentals\/"},"modified":"2025-09-10T11:40:20","modified_gmt":"2025-09-10T09:40:20","slug":"immigracio-lenderrocament-dels-murs-fisics-i-mentals","status":"publish","type":"post","link":"https:\/\/www.afne.org\/es\/2019\/05\/immigracio-lenderrocament-dels-murs-fisics-i-mentals\/","title":{"rendered":"[Etiop\u00eda en positivo] Inmigraci\u00f3n: el derribo de los muros f\u00edsicos y mentales"},"content":{"rendered":"<p>La vida es aquello que transcurre entre el hogar y la b\u00fasqueda de \u00e9ste; es el anhelo que nos mueve a todos. Muchas personas nunca llegan a plantearse esta disyuntiva; como dice el dicho: \u201cno sabes lo que tienes hasta que lo pierdes\u201d, y seamos sinceros, hay gente que nunca pierde lo bastante como para poder valorar aquello cotidiano. La aplicaci\u00f3n de otra mirada, en cierta manera sorpresiva, de los objetos es reservada a un grupo determinado de la humanidad, aquellos que antes han renunciado.<\/p>\n<p><!--more--><\/p>\n<p>Los motivos por los que la gente deja su casa son muy diversos, empezando por los econ\u00f3micos y acabando por los pol\u00edticos. Entre estos dos polos se encuentra un matiz enorme de posibilidades, aunque siempre hay formas m\u00e1s f\u00e1ciles y c\u00f3modas de partir. Pero <strong>dejar atr\u00e1s tu domicilio siempre resulta un ejercicio doloroso<\/strong>.<\/p>\n<p>\u201cTienes que entenderlo, nadie pone a su hijo en un barco salvo que el agua sea m\u00e1s segura que la tierra\u201d, dec\u00eda Warsan Shire, una poetisa y refugiada somal\u00ed, refiri\u00e9ndose a la postura que Europa cogi\u00f3 con aquello que denomin\u00f3 la \u201ccrisis\u201d de los refugiados. La soluci\u00f3n la conocemos todos. Una vez m\u00e1s, nos hemos escondido tras los muros f\u00edsicos y mentales que entre todos hemos construido.<\/p>\n<p>&nbsp;<\/p>\n<figure id=\"attachment_8312\" aria-describedby=\"caption-attachment-8312\" style=\"width: 960px\" class=\"wp-caption aligncenter\"><a href=\"https:\/\/www.afne.org\/wp-content\/uploads\/2025\/09\/refugiats.jpg\"><img fetchpriority=\"high\" decoding=\"async\" class=\"wp-image-8312 size-full\" src=\"https:\/\/www.afne.org\/wp-content\/uploads\/2025\/09\/refugiats.jpg\" alt=\"\" width=\"960\" height=\"720\" \/><\/a><figcaption id=\"caption-attachment-8312\" class=\"wp-caption-text\">Imagen de <a href=\"https:\/\/pixabay.com\/es\/users\/12019-12019\/?utm_source=link-attribution&amp;utm_medium=referral&amp;utm_campaign=image&amp;utm_content=105081\">David Mark<\/a> en <a href=\"https:\/\/pixabay.com\/es\/?utm_source=link-attribution&amp;utm_medium=referral&amp;utm_campaign=image&amp;utm_content=105081\">Pixabay<\/a><\/figcaption><\/figure>\n<p>&nbsp;<\/p>\n<p>Actualmente <strong>Etiop\u00eda es el primer pa\u00eds africano y el quinto en el mundo en lo que refiere a la recepci\u00f3n de refugiados<\/strong>; gran parte provienen de Somalia, Sud\u00e1n, Yemen y Eritrea.<\/p>\n<p>As\u00ed como Europa corri\u00f3 a cerrar sus fronteras cuando vio que cada vez hab\u00eda m\u00e1s gente que ten\u00eda necesidad de huir de su casa, el gobierno et\u00edope tom\u00f3 una postura muy distinta. Hizo pol\u00edticas que favorecen la integraci\u00f3n de la gente refugiada en el pa\u00eds, con la posibilidad de tener permisos de trabajo temporales, poderse abrir una cuenta bancaria o bien moverse libremente por el pa\u00eds.<\/p>\n<p>Los diarios del mundo se llenaron de inmediato de estas nuevas medidas que tom\u00f3 el equipo de Abiy Ahmed, quien parec\u00eda estar dando una lecci\u00f3n a la vergonzosa postura europea, y lo hizo, pero tenemos que tener en cuenta la situaci\u00f3n l\u00edmite en la que se encontraban los campos de refugiados, los cuales, estaban llenos, no s\u00f3lo de personas, sino tambi\u00e9n de miseria y personas miserables.<\/p>\n<p>Los campos de refugiados nunca han sido lugares seguros para nadie. Son el sitio sin ley donde las mujeres eran violadas sistem\u00e1ticamente, hab\u00eda conflictos \u00e9tnicos, escasez de comida y agua, una mortandad enorme, as\u00ed como tambi\u00e9n una natalidad bastante importante: nac\u00edan ni\u00f1os cuya su esperanza de vida era el tiempo que tardamos en dar un suspiro. As\u00ed pues, <strong>las medidas del gobierno fueron una forma de dar una oportunidad a toda aquella gente<\/strong>. Por fin pod\u00edan so\u00f1ar con la libertad, aun siendo coartada por la privaci\u00f3n de muchos derechos.<\/p>\n<p>Por otro lado, Etiop\u00eda tiene mucha gente en la di\u00e1spora por temas pol\u00edticos y econ\u00f3micos principalmente. Hasta hace un a\u00f1o, muchos activistas, pol\u00edticos, periodistas y opositores al gobierno de los ex presidentes Meles Zenawi y Hailemariam Desalegn, que yo recuerde, se vieron forzados a huir y buscar refugio en otros lugares.<\/p>\n<p>Toda esta gente se ha visto inmersa en dos frentes; el primero es el de <strong>sobrevivir en el pa\u00eds de acogida<\/strong> con el estigma que supone el hecho de ser inmigrante, y el segundo es el de encontrar una forma de <strong>restar implicados en las pol\u00edticas del pa\u00eds de partida<\/strong>. Dicho de otro modo, no perder el contacto por si un d\u00eda tienen la oportunidad de volver a mejorar la situaci\u00f3n de Etiop\u00eda. Si una cosa tenemos los et\u00edopes, es la de ser seres ut\u00f3picos.<\/p>\n<p>&nbsp;<\/p>\n<p style=\"text-align: center;\"><em>En un lugar creado<\/em><br \/>\n<em> por las manos de un minorizado r\u00e9gimen<\/em><br \/>\n<em> \u201cInmigrante\u201d<\/em><br \/>\n<em> Se ha convertido en una palabra fea<\/em><br \/>\n<em> un insulto<\/em><br \/>\n<em> una cruz<\/em><br \/>\n<em> Inmigrante, arrogante, delicado<\/em><\/p>\n<p style=\"text-align: center;\">Poema de Kay-Rosa<\/p>\n<p>&nbsp;<\/p>\n<p>Ahora muchos ya pueden volver a su casa y su tierra, a\u00fan as\u00ed, algunos han construido una vida fuera de Etiop\u00eda a la que tampoco piensan renunciar. Han hecho del exilio su casa y descubierto que aquello que sol\u00edan llamar casa es solo un sitio familiar, el hogar lo hace la gente y no solo el lugar y los objetos. Pocos tienen solo un hogar al largo de su vida.<\/p>\n<p>Un tercer grupo, aunque mucho menor, que me gustar\u00eda mencionar, es el de los adoptados. Aunque Etiop\u00eda cerr\u00f3 las adopciones internacionales hace ya alg\u00fan tiempo, los que partimos de nuestro hogar en esta situaci\u00f3n, observamos en la distancia los pasos que va dando el pa\u00eds. <strong>Nos apesadumbramos con cada desgracia y celebramos cualquier victoria<\/strong>. No obstante, a muchos solo nos recuerda de d\u00f3nde venimos el color de nuestra piel y la mirada externa que nos percibe como inmigrantes. Sin olvidar de d\u00f3nde venimos, hemos convertido en hogar el sitio donde se encuentran nuestros seres queridos.<\/p>\n<p>&nbsp;<\/p>\n<p><strong>Bezawerk Oliver Mart\u00ednez<\/strong><\/p>\n","protected":false},"excerpt":{"rendered":"<p>La vida es aquello que transcurre entre el hogar y la b\u00fasqueda de \u00e9ste; es el anhelo que nos mueve a todos. Muchas personas nunca llegan a plantearse esta disyuntiva; como dice el dicho: \u201cno sabes lo que tienes hasta que lo pierdes\u201d, y seamos sinceros, hay gente que nunca pierde lo bastante como para [&hellip;]<\/p>\n","protected":false},"author":2,"featured_media":18135,"comment_status":"open","ping_status":"open","sticky":false,"template":"","format":"standard","meta":{"_acf_changed":false,"footnotes":""},"categories":[527,602],"tags":[],"class_list":["post-23170","post","type-post","status-publish","format-standard","has-post-thumbnail","hentry","category-articles-2","category-etiopia-en-positiu-articles-2"],"acf":[],"yoast_head":"<!-- This site is optimized with the Yoast SEO plugin v26.4 - https:\/\/yoast.com\/wordpress\/plugins\/seo\/ -->\n<title>[Etiop\u00eda en positivo] Inmigraci\u00f3n: el derribo de los muros f\u00edsicos y mentales - AFNE<\/title>\n<meta name=\"robots\" content=\"index, follow, max-snippet:-1, max-image-preview:large, max-video-preview:-1\" \/>\n<link rel=\"canonical\" href=\"https:\/\/www.afne.org\/es\/2019\/05\/immigracio-lenderrocament-dels-murs-fisics-i-mentals\/\" \/>\n<meta property=\"og:locale\" content=\"es_ES\" \/>\n<meta property=\"og:type\" content=\"article\" \/>\n<meta property=\"og:title\" content=\"[Etiop\u00eda en positivo] Inmigraci\u00f3n: el derribo de los muros f\u00edsicos y mentales - AFNE\" \/>\n<meta property=\"og:description\" content=\"La vida es aquello que transcurre entre el hogar y la b\u00fasqueda de \u00e9ste; es el anhelo que nos mueve a todos. Muchas personas nunca llegan a plantearse esta disyuntiva; como dice el dicho: \u201cno sabes lo que tienes hasta que lo pierdes\u201d, y seamos sinceros, hay gente que nunca pierde lo bastante como para [&hellip;]\" \/>\n<meta property=\"og:url\" content=\"https:\/\/www.afne.org\/es\/2019\/05\/immigracio-lenderrocament-dels-murs-fisics-i-mentals\/\" \/>\n<meta property=\"og:site_name\" content=\"AFNE\" \/>\n<meta property=\"article:publisher\" content=\"https:\/\/www.facebook.com\/afne.org\" \/>\n<meta property=\"article:published_time\" content=\"2019-05-24T07:26:31+00:00\" \/>\n<meta property=\"article:modified_time\" content=\"2025-09-10T09:40:20+00:00\" \/>\n<meta property=\"og:image\" content=\"https:\/\/www.afne.org\/wp-content\/uploads\/2025\/09\/refugiats_destacat.jpg\" \/>\n\t<meta property=\"og:image:width\" content=\"768\" \/>\n\t<meta property=\"og:image:height\" content=\"350\" \/>\n\t<meta property=\"og:image:type\" content=\"image\/jpeg\" \/>\n<meta name=\"author\" content=\"Maria\" \/>\n<meta name=\"twitter:card\" content=\"summary_large_image\" \/>\n<meta name=\"twitter:label1\" content=\"Escrito por\" \/>\n\t<meta name=\"twitter:data1\" content=\"Maria\" \/>\n\t<meta name=\"twitter:label2\" content=\"Tiempo de lectura\" \/>\n\t<meta name=\"twitter:data2\" content=\"4 minutos\" \/>\n<script type=\"application\/ld+json\" class=\"yoast-schema-graph\">{\"@context\":\"https:\/\/schema.org\",\"@graph\":[{\"@type\":\"Article\",\"@id\":\"https:\/\/www.afne.org\/es\/2019\/05\/immigracio-lenderrocament-dels-murs-fisics-i-mentals\/#article\",\"isPartOf\":{\"@id\":\"https:\/\/www.afne.org\/es\/2019\/05\/immigracio-lenderrocament-dels-murs-fisics-i-mentals\/\"},\"author\":{\"name\":\"Maria\",\"@id\":\"https:\/\/www.afne.org\/es\/#\/schema\/person\/e2b1819ab1075ef10bbab085245274a6\"},\"headline\":\"[Etiop\u00eda en positivo] Inmigraci\u00f3n: el derribo de los muros f\u00edsicos y mentales\",\"datePublished\":\"2019-05-24T07:26:31+00:00\",\"dateModified\":\"2025-09-10T09:40:20+00:00\",\"mainEntityOfPage\":{\"@id\":\"https:\/\/www.afne.org\/es\/2019\/05\/immigracio-lenderrocament-dels-murs-fisics-i-mentals\/\"},\"wordCount\":889,\"commentCount\":0,\"publisher\":{\"@id\":\"https:\/\/www.afne.org\/es\/#organization\"},\"image\":{\"@id\":\"https:\/\/www.afne.org\/es\/2019\/05\/immigracio-lenderrocament-dels-murs-fisics-i-mentals\/#primaryimage\"},\"thumbnailUrl\":\"https:\/\/www.afne.org\/wp-content\/uploads\/2025\/09\/refugiats_destacat.jpg\",\"articleSection\":[\"Art\u00edculos\",\"Eti\u00f2pia en positiu\"],\"inLanguage\":\"es\",\"potentialAction\":[{\"@type\":\"CommentAction\",\"name\":\"Comment\",\"target\":[\"https:\/\/www.afne.org\/es\/2019\/05\/immigracio-lenderrocament-dels-murs-fisics-i-mentals\/#respond\"]}]},{\"@type\":\"WebPage\",\"@id\":\"https:\/\/www.afne.org\/es\/2019\/05\/immigracio-lenderrocament-dels-murs-fisics-i-mentals\/\",\"url\":\"https:\/\/www.afne.org\/es\/2019\/05\/immigracio-lenderrocament-dels-murs-fisics-i-mentals\/\",\"name\":\"[Etiop\u00eda en positivo] Inmigraci\u00f3n: el derribo de los muros f\u00edsicos y mentales - AFNE\",\"isPartOf\":{\"@id\":\"https:\/\/www.afne.org\/es\/#website\"},\"primaryImageOfPage\":{\"@id\":\"https:\/\/www.afne.org\/es\/2019\/05\/immigracio-lenderrocament-dels-murs-fisics-i-mentals\/#primaryimage\"},\"image\":{\"@id\":\"https:\/\/www.afne.org\/es\/2019\/05\/immigracio-lenderrocament-dels-murs-fisics-i-mentals\/#primaryimage\"},\"thumbnailUrl\":\"https:\/\/www.afne.org\/wp-content\/uploads\/2025\/09\/refugiats_destacat.jpg\",\"datePublished\":\"2019-05-24T07:26:31+00:00\",\"dateModified\":\"2025-09-10T09:40:20+00:00\",\"breadcrumb\":{\"@id\":\"https:\/\/www.afne.org\/es\/2019\/05\/immigracio-lenderrocament-dels-murs-fisics-i-mentals\/#breadcrumb\"},\"inLanguage\":\"es\",\"potentialAction\":[{\"@type\":\"ReadAction\",\"target\":[\"https:\/\/www.afne.org\/es\/2019\/05\/immigracio-lenderrocament-dels-murs-fisics-i-mentals\/\"]}]},{\"@type\":\"ImageObject\",\"inLanguage\":\"es\",\"@id\":\"https:\/\/www.afne.org\/es\/2019\/05\/immigracio-lenderrocament-dels-murs-fisics-i-mentals\/#primaryimage\",\"url\":\"https:\/\/www.afne.org\/wp-content\/uploads\/2025\/09\/refugiats_destacat.jpg\",\"contentUrl\":\"https:\/\/www.afne.org\/wp-content\/uploads\/2025\/09\/refugiats_destacat.jpg\",\"width\":768,\"height\":350},{\"@type\":\"BreadcrumbList\",\"@id\":\"https:\/\/www.afne.org\/es\/2019\/05\/immigracio-lenderrocament-dels-murs-fisics-i-mentals\/#breadcrumb\",\"itemListElement\":[{\"@type\":\"ListItem\",\"position\":1,\"name\":\"Inici\",\"item\":\"https:\/\/www.afne.org\/es\/\"},{\"@type\":\"ListItem\",\"position\":2,\"name\":\"[Etiop\u00eda en positivo] Inmigraci\u00f3n: el derribo de los muros f\u00edsicos y mentales\"}]},{\"@type\":\"WebSite\",\"@id\":\"https:\/\/www.afne.org\/es\/#website\",\"url\":\"https:\/\/www.afne.org\/es\/\",\"name\":\"AFNE\",\"description\":\"Units a Eti\u00f2pia\",\"publisher\":{\"@id\":\"https:\/\/www.afne.org\/es\/#organization\"},\"potentialAction\":[{\"@type\":\"SearchAction\",\"target\":{\"@type\":\"EntryPoint\",\"urlTemplate\":\"https:\/\/www.afne.org\/es\/?s={search_term_string}\"},\"query-input\":{\"@type\":\"PropertyValueSpecification\",\"valueRequired\":true,\"valueName\":\"search_term_string\"}}],\"inLanguage\":\"es\"},{\"@type\":\"Organization\",\"@id\":\"https:\/\/www.afne.org\/es\/#organization\",\"name\":\"Associaci\u00f3 de Fam\u00edlies de Nens i Nenes d\u2019Eti\u00f2pia\",\"url\":\"https:\/\/www.afne.org\/es\/\",\"logo\":{\"@type\":\"ImageObject\",\"inLanguage\":\"es\",\"@id\":\"https:\/\/www.afne.org\/es\/#\/schema\/logo\/image\/\",\"url\":\"https:\/\/www.afne.org\/wp-content\/uploads\/2025\/07\/logotip-afne.png\",\"contentUrl\":\"https:\/\/www.afne.org\/wp-content\/uploads\/2025\/07\/logotip-afne.png\",\"width\":200,\"height\":48,\"caption\":\"Associaci\u00f3 de Fam\u00edlies de Nens i Nenes d\u2019Eti\u00f2pia\"},\"image\":{\"@id\":\"https:\/\/www.afne.org\/es\/#\/schema\/logo\/image\/\"},\"sameAs\":[\"https:\/\/www.facebook.com\/afne.org\",\"https:\/\/www.instagram.com\/afne_etiopia\/\",\"https:\/\/www.youtube.com\/channel\/UCh-2Vrtq80T4SbmHu0u1Beg\",\"https:\/\/api.whatsapp.com\/message\/M2WZK3UT5QBFH1?autoload=1&app_absent=0\"]},{\"@type\":\"Person\",\"@id\":\"https:\/\/www.afne.org\/es\/#\/schema\/person\/e2b1819ab1075ef10bbab085245274a6\",\"name\":\"Maria\",\"image\":{\"@type\":\"ImageObject\",\"inLanguage\":\"es\",\"@id\":\"https:\/\/www.afne.org\/es\/#\/schema\/person\/image\/\",\"url\":\"https:\/\/secure.gravatar.com\/avatar\/f2fe719204648ce61585bd99cd483488f59a44cf04b371ed78c3488d747d71de?s=96&d=mm&r=g\",\"contentUrl\":\"https:\/\/secure.gravatar.com\/avatar\/f2fe719204648ce61585bd99cd483488f59a44cf04b371ed78c3488d747d71de?s=96&d=mm&r=g\",\"caption\":\"Maria\"}}]}<\/script>\n<!-- \/ Yoast SEO plugin. -->","yoast_head_json":{"title":"[Etiop\u00eda en positivo] Inmigraci\u00f3n: el derribo de los muros f\u00edsicos y mentales - AFNE","robots":{"index":"index","follow":"follow","max-snippet":"max-snippet:-1","max-image-preview":"max-image-preview:large","max-video-preview":"max-video-preview:-1"},"canonical":"https:\/\/www.afne.org\/es\/2019\/05\/immigracio-lenderrocament-dels-murs-fisics-i-mentals\/","og_locale":"es_ES","og_type":"article","og_title":"[Etiop\u00eda en positivo] Inmigraci\u00f3n: el derribo de los muros f\u00edsicos y mentales - AFNE","og_description":"La vida es aquello que transcurre entre el hogar y la b\u00fasqueda de \u00e9ste; es el anhelo que nos mueve a todos. Muchas personas nunca llegan a plantearse esta disyuntiva; como dice el dicho: \u201cno sabes lo que tienes hasta que lo pierdes\u201d, y seamos sinceros, hay gente que nunca pierde lo bastante como para [&hellip;]","og_url":"https:\/\/www.afne.org\/es\/2019\/05\/immigracio-lenderrocament-dels-murs-fisics-i-mentals\/","og_site_name":"AFNE","article_publisher":"https:\/\/www.facebook.com\/afne.org","article_published_time":"2019-05-24T07:26:31+00:00","article_modified_time":"2025-09-10T09:40:20+00:00","og_image":[{"width":768,"height":350,"url":"https:\/\/www.afne.org\/wp-content\/uploads\/2025\/09\/refugiats_destacat.jpg","type":"image\/jpeg"}],"author":"Maria","twitter_card":"summary_large_image","twitter_misc":{"Escrito por":"Maria","Tiempo de lectura":"4 minutos"},"schema":{"@context":"https:\/\/schema.org","@graph":[{"@type":"Article","@id":"https:\/\/www.afne.org\/es\/2019\/05\/immigracio-lenderrocament-dels-murs-fisics-i-mentals\/#article","isPartOf":{"@id":"https:\/\/www.afne.org\/es\/2019\/05\/immigracio-lenderrocament-dels-murs-fisics-i-mentals\/"},"author":{"name":"Maria","@id":"https:\/\/www.afne.org\/es\/#\/schema\/person\/e2b1819ab1075ef10bbab085245274a6"},"headline":"[Etiop\u00eda en positivo] Inmigraci\u00f3n: el derribo de los muros f\u00edsicos y mentales","datePublished":"2019-05-24T07:26:31+00:00","dateModified":"2025-09-10T09:40:20+00:00","mainEntityOfPage":{"@id":"https:\/\/www.afne.org\/es\/2019\/05\/immigracio-lenderrocament-dels-murs-fisics-i-mentals\/"},"wordCount":889,"commentCount":0,"publisher":{"@id":"https:\/\/www.afne.org\/es\/#organization"},"image":{"@id":"https:\/\/www.afne.org\/es\/2019\/05\/immigracio-lenderrocament-dels-murs-fisics-i-mentals\/#primaryimage"},"thumbnailUrl":"https:\/\/www.afne.org\/wp-content\/uploads\/2025\/09\/refugiats_destacat.jpg","articleSection":["Art\u00edculos","Eti\u00f2pia en positiu"],"inLanguage":"es","potentialAction":[{"@type":"CommentAction","name":"Comment","target":["https:\/\/www.afne.org\/es\/2019\/05\/immigracio-lenderrocament-dels-murs-fisics-i-mentals\/#respond"]}]},{"@type":"WebPage","@id":"https:\/\/www.afne.org\/es\/2019\/05\/immigracio-lenderrocament-dels-murs-fisics-i-mentals\/","url":"https:\/\/www.afne.org\/es\/2019\/05\/immigracio-lenderrocament-dels-murs-fisics-i-mentals\/","name":"[Etiop\u00eda en positivo] Inmigraci\u00f3n: el derribo de los muros f\u00edsicos y mentales - AFNE","isPartOf":{"@id":"https:\/\/www.afne.org\/es\/#website"},"primaryImageOfPage":{"@id":"https:\/\/www.afne.org\/es\/2019\/05\/immigracio-lenderrocament-dels-murs-fisics-i-mentals\/#primaryimage"},"image":{"@id":"https:\/\/www.afne.org\/es\/2019\/05\/immigracio-lenderrocament-dels-murs-fisics-i-mentals\/#primaryimage"},"thumbnailUrl":"https:\/\/www.afne.org\/wp-content\/uploads\/2025\/09\/refugiats_destacat.jpg","datePublished":"2019-05-24T07:26:31+00:00","dateModified":"2025-09-10T09:40:20+00:00","breadcrumb":{"@id":"https:\/\/www.afne.org\/es\/2019\/05\/immigracio-lenderrocament-dels-murs-fisics-i-mentals\/#breadcrumb"},"inLanguage":"es","potentialAction":[{"@type":"ReadAction","target":["https:\/\/www.afne.org\/es\/2019\/05\/immigracio-lenderrocament-dels-murs-fisics-i-mentals\/"]}]},{"@type":"ImageObject","inLanguage":"es","@id":"https:\/\/www.afne.org\/es\/2019\/05\/immigracio-lenderrocament-dels-murs-fisics-i-mentals\/#primaryimage","url":"https:\/\/www.afne.org\/wp-content\/uploads\/2025\/09\/refugiats_destacat.jpg","contentUrl":"https:\/\/www.afne.org\/wp-content\/uploads\/2025\/09\/refugiats_destacat.jpg","width":768,"height":350},{"@type":"BreadcrumbList","@id":"https:\/\/www.afne.org\/es\/2019\/05\/immigracio-lenderrocament-dels-murs-fisics-i-mentals\/#breadcrumb","itemListElement":[{"@type":"ListItem","position":1,"name":"Inici","item":"https:\/\/www.afne.org\/es\/"},{"@type":"ListItem","position":2,"name":"[Etiop\u00eda en positivo] Inmigraci\u00f3n: el derribo de los muros f\u00edsicos y mentales"}]},{"@type":"WebSite","@id":"https:\/\/www.afne.org\/es\/#website","url":"https:\/\/www.afne.org\/es\/","name":"AFNE","description":"Units a Eti\u00f2pia","publisher":{"@id":"https:\/\/www.afne.org\/es\/#organization"},"potentialAction":[{"@type":"SearchAction","target":{"@type":"EntryPoint","urlTemplate":"https:\/\/www.afne.org\/es\/?s={search_term_string}"},"query-input":{"@type":"PropertyValueSpecification","valueRequired":true,"valueName":"search_term_string"}}],"inLanguage":"es"},{"@type":"Organization","@id":"https:\/\/www.afne.org\/es\/#organization","name":"Associaci\u00f3 de Fam\u00edlies de Nens i Nenes d\u2019Eti\u00f2pia","url":"https:\/\/www.afne.org\/es\/","logo":{"@type":"ImageObject","inLanguage":"es","@id":"https:\/\/www.afne.org\/es\/#\/schema\/logo\/image\/","url":"https:\/\/www.afne.org\/wp-content\/uploads\/2025\/07\/logotip-afne.png","contentUrl":"https:\/\/www.afne.org\/wp-content\/uploads\/2025\/07\/logotip-afne.png","width":200,"height":48,"caption":"Associaci\u00f3 de Fam\u00edlies de Nens i Nenes d\u2019Eti\u00f2pia"},"image":{"@id":"https:\/\/www.afne.org\/es\/#\/schema\/logo\/image\/"},"sameAs":["https:\/\/www.facebook.com\/afne.org","https:\/\/www.instagram.com\/afne_etiopia\/","https:\/\/www.youtube.com\/channel\/UCh-2Vrtq80T4SbmHu0u1Beg","https:\/\/api.whatsapp.com\/message\/M2WZK3UT5QBFH1?autoload=1&app_absent=0"]},{"@type":"Person","@id":"https:\/\/www.afne.org\/es\/#\/schema\/person\/e2b1819ab1075ef10bbab085245274a6","name":"Maria","image":{"@type":"ImageObject","inLanguage":"es","@id":"https:\/\/www.afne.org\/es\/#\/schema\/person\/image\/","url":"https:\/\/secure.gravatar.com\/avatar\/f2fe719204648ce61585bd99cd483488f59a44cf04b371ed78c3488d747d71de?s=96&d=mm&r=g","contentUrl":"https:\/\/secure.gravatar.com\/avatar\/f2fe719204648ce61585bd99cd483488f59a44cf04b371ed78c3488d747d71de?s=96&d=mm&r=g","caption":"Maria"}}]}},"_links":{"self":[{"href":"https:\/\/www.afne.org\/es\/wp-json\/wp\/v2\/posts\/23170","targetHints":{"allow":["GET"]}}],"collection":[{"href":"https:\/\/www.afne.org\/es\/wp-json\/wp\/v2\/posts"}],"about":[{"href":"https:\/\/www.afne.org\/es\/wp-json\/wp\/v2\/types\/post"}],"author":[{"embeddable":true,"href":"https:\/\/www.afne.org\/es\/wp-json\/wp\/v2\/users\/2"}],"replies":[{"embeddable":true,"href":"https:\/\/www.afne.org\/es\/wp-json\/wp\/v2\/comments?post=23170"}],"version-history":[{"count":1,"href":"https:\/\/www.afne.org\/es\/wp-json\/wp\/v2\/posts\/23170\/revisions"}],"predecessor-version":[{"id":23171,"href":"https:\/\/www.afne.org\/es\/wp-json\/wp\/v2\/posts\/23170\/revisions\/23171"}],"wp:featuredmedia":[{"embeddable":true,"href":"https:\/\/www.afne.org\/es\/wp-json\/wp\/v2\/media\/18135"}],"wp:attachment":[{"href":"https:\/\/www.afne.org\/es\/wp-json\/wp\/v2\/media?parent=23170"}],"wp:term":[{"taxonomy":"category","embeddable":true,"href":"https:\/\/www.afne.org\/es\/wp-json\/wp\/v2\/categories?post=23170"},{"taxonomy":"post_tag","embeddable":true,"href":"https:\/\/www.afne.org\/es\/wp-json\/wp\/v2\/tags?post=23170"}],"curies":[{"name":"wp","href":"https:\/\/api.w.org\/{rel}","templated":true}]}}