{"id":23025,"date":"2018-10-13T08:23:55","date_gmt":"2018-10-13T06:23:55","guid":{"rendered":"http:\/\/www.afnebeta.org.mialias.net\/2018\/10\/tornem-escola-nova-campanya-crowdfunding\/"},"modified":"2025-09-10T11:39:36","modified_gmt":"2025-09-10T09:39:36","slug":"tornem-escola-nova-campanya-crowdfunding","status":"publish","type":"post","link":"https:\/\/www.afne.org\/es\/2018\/10\/tornem-escola-nova-campanya-crowdfunding\/","title":{"rendered":"[Muketuri News] \u00ab\u00a1Volvemos al cole!\u00bb: nueva campa\u00f1a de crowdfunding"},"content":{"rendered":"<p>Como bien sabr\u00e9is, este a\u00f1o el <a href=\"http:\/\/afne.org\/2018\/07\/10-aniversari-centre-maternoinfantil-muketuri\/\" target=\"_blank\" rel=\"noopener noreferrer\">centro maternoinfantil de Muketuri ha celebrado su d\u00e9cimo aniversario<\/a>. Durante estos 10 a\u00f1os, el centro ha ofrecido formaci\u00f3n preescolar y alimentaci\u00f3n b\u00e1sica a 1.360 ni\u00f1os y ni\u00f1as. Adem\u00e1s, durante este tiempo, la comunidad misionera de San Pablo Ap\u00f3stol que gestiona el centro ha construido pozos y huertos\u00a0en 9 poblados; unidades nutricionales en 2 poblados y\u00a0presas\u00a0para la recogida de aguas pluviales, as\u00ed como un aula de educaci\u00f3n especial para ni\u00f1os discapacitados.<\/p>\n<p>Una gran tarea y un gran esfuerzo con los que, como asociaci\u00f3n, estamos muy contentos de poder colaborar.<\/p>\n<h3>Nuevo reto<\/h3>\n<p>Con motivo de este aniversario tan especial, queremos lanzar un <strong>reto solidario para renovar el material escolar<\/strong> del centro. Nos hemos fijado como objetivo recoger 5 euros por cada uno de los ni\u00f1os y ni\u00f1as del centro <strong>antes del 31 de diciembre<\/strong> de 2018.<\/p>\n<p>&nbsp;<\/p>\n<p><a href=\"https:\/\/www.afne.org\/wp-content\/uploads\/2025\/09\/Tornem_al_cole_cast_web-1.jpg\" target=\"_blank\" rel=\"noopener noreferrer\"><img fetchpriority=\"high\" decoding=\"async\" class=\"aligncenter wp-image-7668 size-large\" src=\"https:\/\/www.afne.org\/wp-content\/uploads\/2025\/09\/Tornem_al_cole_cast_web-1.jpg\" alt=\"\" width=\"768\" height=\"555\" \/><\/a><\/p>\n<p>&nbsp;<\/p>\n<p>Hemos creado esta p\u00e1gina para poder recaudar fondos a trav\u00e9s de la web Migranodearena: <a href=\"https:\/\/www.migranodearena.org\/reto\/19048\/10-anos-haciendo-posible-la-vuelta-al-cole\" target=\"_blank\" rel=\"noopener noreferrer\">https:\/\/www.migranodearena.org\/reto\/19048\/10-anos-haciendo-posible-la-vuelta-al-cole<\/a><\/p>\n<p>\u00a1Queremos haceros part\u00edcipes de este reto que, como socios y socias, tambi\u00e9n es vuestro!<\/p>\n<p>Haremos difusi\u00f3n de nuestra iniciativa en las redes sociales pero, sin duda, <strong>es imprescindible vuestra implicaci\u00f3n para hacer llegar esta iniciativa<\/strong> a todos vuestros contactos m\u00e1s cercanos mediante twitter, facebook, instagram, whatsapp&#8230; \u00a1No hay nada m\u00e1s efectivo que el boca-oreja!<\/p>\n<p>Por otro lado, os animamos a colaborar y hacernos llegar cualquier propuesta que pueda ayudar a alcanzar este reto (actividades, patrocinadores, contactos, etc.) enviando un correo a <a href=\"mailto:gestio@afne.org\" target=\"_blank\" rel=\"noopener noreferrer\">gestio@afne.org<\/a><\/p>\n<p>La cuenta atr\u00e1s ha comenzado, <strong>tenemos 80 d\u00edas para lograr nuestro reto<\/strong>. \u00a1Sin duda, la mejor aportaci\u00f3n que podemos hacer es nuestra implicaci\u00f3n personal!<\/p>\n<p>&nbsp;<\/p>\n","protected":false},"excerpt":{"rendered":"<p>Como bien sabr\u00e9is, este a\u00f1o el centro maternoinfantil de Muketuri ha celebrado su d\u00e9cimo aniversario. Durante estos 10 a\u00f1os, el centro ha ofrecido formaci\u00f3n preescolar y alimentaci\u00f3n b\u00e1sica a 1.360 ni\u00f1os y ni\u00f1as. Adem\u00e1s, durante este tiempo, la comunidad misionera de San Pablo Ap\u00f3stol que gestiona el centro ha construido pozos y huertos\u00a0en 9 poblados; [&hellip;]<\/p>\n","protected":false},"author":2,"featured_media":17708,"comment_status":"open","ping_status":"open","sticky":false,"template":"","format":"standard","meta":{"_acf_changed":false,"footnotes":""},"categories":[523,524,525],"tags":[],"class_list":["post-23025","post","type-post","status-publish","format-standard","has-post-thumbnail","hentry","category-cooperacio-2","category-muketuri-cooperacio-2","category-nota-2"],"acf":[],"yoast_head":"<!-- This site is optimized with the Yoast SEO plugin v26.4 - https:\/\/yoast.com\/wordpress\/plugins\/seo\/ -->\n<title>[Muketuri News] &quot;\u00a1Volvemos al cole!&quot;: nueva campa\u00f1a de crowdfunding - AFNE<\/title>\n<meta name=\"robots\" content=\"index, follow, max-snippet:-1, max-image-preview:large, max-video-preview:-1\" \/>\n<link rel=\"canonical\" href=\"https:\/\/www.afne.org\/es\/2018\/10\/tornem-escola-nova-campanya-crowdfunding\/\" \/>\n<meta property=\"og:locale\" content=\"es_ES\" \/>\n<meta property=\"og:type\" content=\"article\" \/>\n<meta property=\"og:title\" content=\"[Muketuri News] &quot;\u00a1Volvemos al cole!&quot;: nueva campa\u00f1a de crowdfunding - AFNE\" \/>\n<meta property=\"og:description\" content=\"Como bien sabr\u00e9is, este a\u00f1o el centro maternoinfantil de Muketuri ha celebrado su d\u00e9cimo aniversario. Durante estos 10 a\u00f1os, el centro ha ofrecido formaci\u00f3n preescolar y alimentaci\u00f3n b\u00e1sica a 1.360 ni\u00f1os y ni\u00f1as. Adem\u00e1s, durante este tiempo, la comunidad misionera de San Pablo Ap\u00f3stol que gestiona el centro ha construido pozos y huertos\u00a0en 9 poblados; [&hellip;]\" \/>\n<meta property=\"og:url\" content=\"https:\/\/www.afne.org\/es\/2018\/10\/tornem-escola-nova-campanya-crowdfunding\/\" \/>\n<meta property=\"og:site_name\" content=\"AFNE\" \/>\n<meta property=\"article:publisher\" content=\"https:\/\/www.facebook.com\/afne.org\" \/>\n<meta property=\"article:published_time\" content=\"2018-10-13T06:23:55+00:00\" \/>\n<meta property=\"article:modified_time\" content=\"2025-09-10T09:39:36+00:00\" \/>\n<meta property=\"og:image\" content=\"https:\/\/www.afne.org\/wp-content\/uploads\/2025\/09\/Tornem_al_cole_cat_web.jpg\" \/>\n\t<meta property=\"og:image:width\" content=\"1024\" \/>\n\t<meta property=\"og:image:height\" content=\"740\" \/>\n\t<meta property=\"og:image:type\" content=\"image\/jpeg\" \/>\n<meta name=\"author\" content=\"Maria\" \/>\n<meta name=\"twitter:card\" content=\"summary_large_image\" \/>\n<meta name=\"twitter:label1\" content=\"Escrito por\" \/>\n\t<meta name=\"twitter:data1\" content=\"Maria\" \/>\n\t<meta name=\"twitter:label2\" content=\"Tiempo de lectura\" \/>\n\t<meta name=\"twitter:data2\" content=\"1 minuto\" \/>\n<script type=\"application\/ld+json\" class=\"yoast-schema-graph\">{\"@context\":\"https:\/\/schema.org\",\"@graph\":[{\"@type\":\"Article\",\"@id\":\"https:\/\/www.afne.org\/es\/2018\/10\/tornem-escola-nova-campanya-crowdfunding\/#article\",\"isPartOf\":{\"@id\":\"https:\/\/www.afne.org\/es\/2018\/10\/tornem-escola-nova-campanya-crowdfunding\/\"},\"author\":{\"name\":\"Maria\",\"@id\":\"https:\/\/www.afne.org\/es\/#\/schema\/person\/e2b1819ab1075ef10bbab085245274a6\"},\"headline\":\"[Muketuri News] \u00ab\u00a1Volvemos al cole!\u00bb: nueva campa\u00f1a de crowdfunding\",\"datePublished\":\"2018-10-13T06:23:55+00:00\",\"dateModified\":\"2025-09-10T09:39:36+00:00\",\"mainEntityOfPage\":{\"@id\":\"https:\/\/www.afne.org\/es\/2018\/10\/tornem-escola-nova-campanya-crowdfunding\/\"},\"wordCount\":304,\"commentCount\":0,\"publisher\":{\"@id\":\"https:\/\/www.afne.org\/es\/#organization\"},\"image\":{\"@id\":\"https:\/\/www.afne.org\/es\/2018\/10\/tornem-escola-nova-campanya-crowdfunding\/#primaryimage\"},\"thumbnailUrl\":\"https:\/\/www.afne.org\/wp-content\/uploads\/2025\/09\/Tornem_al_cole_cat_web.jpg\",\"articleSection\":[\"Cooperaci\u00f3\",\"Muketuri\",\"Nota\"],\"inLanguage\":\"es\",\"potentialAction\":[{\"@type\":\"CommentAction\",\"name\":\"Comment\",\"target\":[\"https:\/\/www.afne.org\/es\/2018\/10\/tornem-escola-nova-campanya-crowdfunding\/#respond\"]}]},{\"@type\":\"WebPage\",\"@id\":\"https:\/\/www.afne.org\/es\/2018\/10\/tornem-escola-nova-campanya-crowdfunding\/\",\"url\":\"https:\/\/www.afne.org\/es\/2018\/10\/tornem-escola-nova-campanya-crowdfunding\/\",\"name\":\"[Muketuri News] \\\"\u00a1Volvemos al cole!\\\": nueva campa\u00f1a de crowdfunding - AFNE\",\"isPartOf\":{\"@id\":\"https:\/\/www.afne.org\/es\/#website\"},\"primaryImageOfPage\":{\"@id\":\"https:\/\/www.afne.org\/es\/2018\/10\/tornem-escola-nova-campanya-crowdfunding\/#primaryimage\"},\"image\":{\"@id\":\"https:\/\/www.afne.org\/es\/2018\/10\/tornem-escola-nova-campanya-crowdfunding\/#primaryimage\"},\"thumbnailUrl\":\"https:\/\/www.afne.org\/wp-content\/uploads\/2025\/09\/Tornem_al_cole_cat_web.jpg\",\"datePublished\":\"2018-10-13T06:23:55+00:00\",\"dateModified\":\"2025-09-10T09:39:36+00:00\",\"breadcrumb\":{\"@id\":\"https:\/\/www.afne.org\/es\/2018\/10\/tornem-escola-nova-campanya-crowdfunding\/#breadcrumb\"},\"inLanguage\":\"es\",\"potentialAction\":[{\"@type\":\"ReadAction\",\"target\":[\"https:\/\/www.afne.org\/es\/2018\/10\/tornem-escola-nova-campanya-crowdfunding\/\"]}]},{\"@type\":\"ImageObject\",\"inLanguage\":\"es\",\"@id\":\"https:\/\/www.afne.org\/es\/2018\/10\/tornem-escola-nova-campanya-crowdfunding\/#primaryimage\",\"url\":\"https:\/\/www.afne.org\/wp-content\/uploads\/2025\/09\/Tornem_al_cole_cat_web.jpg\",\"contentUrl\":\"https:\/\/www.afne.org\/wp-content\/uploads\/2025\/09\/Tornem_al_cole_cat_web.jpg\",\"width\":1024,\"height\":740},{\"@type\":\"BreadcrumbList\",\"@id\":\"https:\/\/www.afne.org\/es\/2018\/10\/tornem-escola-nova-campanya-crowdfunding\/#breadcrumb\",\"itemListElement\":[{\"@type\":\"ListItem\",\"position\":1,\"name\":\"Inici\",\"item\":\"https:\/\/www.afne.org\/es\/\"},{\"@type\":\"ListItem\",\"position\":2,\"name\":\"[Muketuri News] \u00ab\u00a1Volvemos al cole!\u00bb: nueva campa\u00f1a de crowdfunding\"}]},{\"@type\":\"WebSite\",\"@id\":\"https:\/\/www.afne.org\/es\/#website\",\"url\":\"https:\/\/www.afne.org\/es\/\",\"name\":\"AFNE\",\"description\":\"Units a Eti\u00f2pia\",\"publisher\":{\"@id\":\"https:\/\/www.afne.org\/es\/#organization\"},\"potentialAction\":[{\"@type\":\"SearchAction\",\"target\":{\"@type\":\"EntryPoint\",\"urlTemplate\":\"https:\/\/www.afne.org\/es\/?s={search_term_string}\"},\"query-input\":{\"@type\":\"PropertyValueSpecification\",\"valueRequired\":true,\"valueName\":\"search_term_string\"}}],\"inLanguage\":\"es\"},{\"@type\":\"Organization\",\"@id\":\"https:\/\/www.afne.org\/es\/#organization\",\"name\":\"Associaci\u00f3 de Fam\u00edlies de Nens i Nenes d\u2019Eti\u00f2pia\",\"url\":\"https:\/\/www.afne.org\/es\/\",\"logo\":{\"@type\":\"ImageObject\",\"inLanguage\":\"es\",\"@id\":\"https:\/\/www.afne.org\/es\/#\/schema\/logo\/image\/\",\"url\":\"https:\/\/www.afne.org\/wp-content\/uploads\/2025\/07\/logotip-afne.png\",\"contentUrl\":\"https:\/\/www.afne.org\/wp-content\/uploads\/2025\/07\/logotip-afne.png\",\"width\":200,\"height\":48,\"caption\":\"Associaci\u00f3 de Fam\u00edlies de Nens i Nenes d\u2019Eti\u00f2pia\"},\"image\":{\"@id\":\"https:\/\/www.afne.org\/es\/#\/schema\/logo\/image\/\"},\"sameAs\":[\"https:\/\/www.facebook.com\/afne.org\",\"https:\/\/www.instagram.com\/afne_etiopia\/\",\"https:\/\/www.youtube.com\/channel\/UCh-2Vrtq80T4SbmHu0u1Beg\",\"https:\/\/api.whatsapp.com\/message\/M2WZK3UT5QBFH1?autoload=1&app_absent=0\"]},{\"@type\":\"Person\",\"@id\":\"https:\/\/www.afne.org\/es\/#\/schema\/person\/e2b1819ab1075ef10bbab085245274a6\",\"name\":\"Maria\",\"image\":{\"@type\":\"ImageObject\",\"inLanguage\":\"es\",\"@id\":\"https:\/\/www.afne.org\/es\/#\/schema\/person\/image\/\",\"url\":\"https:\/\/secure.gravatar.com\/avatar\/f2fe719204648ce61585bd99cd483488f59a44cf04b371ed78c3488d747d71de?s=96&d=mm&r=g\",\"contentUrl\":\"https:\/\/secure.gravatar.com\/avatar\/f2fe719204648ce61585bd99cd483488f59a44cf04b371ed78c3488d747d71de?s=96&d=mm&r=g\",\"caption\":\"Maria\"}}]}<\/script>\n<!-- \/ Yoast SEO plugin. -->","yoast_head_json":{"title":"[Muketuri News] \"\u00a1Volvemos al cole!\": nueva campa\u00f1a de crowdfunding - AFNE","robots":{"index":"index","follow":"follow","max-snippet":"max-snippet:-1","max-image-preview":"max-image-preview:large","max-video-preview":"max-video-preview:-1"},"canonical":"https:\/\/www.afne.org\/es\/2018\/10\/tornem-escola-nova-campanya-crowdfunding\/","og_locale":"es_ES","og_type":"article","og_title":"[Muketuri News] \"\u00a1Volvemos al cole!\": nueva campa\u00f1a de crowdfunding - AFNE","og_description":"Como bien sabr\u00e9is, este a\u00f1o el centro maternoinfantil de Muketuri ha celebrado su d\u00e9cimo aniversario. Durante estos 10 a\u00f1os, el centro ha ofrecido formaci\u00f3n preescolar y alimentaci\u00f3n b\u00e1sica a 1.360 ni\u00f1os y ni\u00f1as. Adem\u00e1s, durante este tiempo, la comunidad misionera de San Pablo Ap\u00f3stol que gestiona el centro ha construido pozos y huertos\u00a0en 9 poblados; [&hellip;]","og_url":"https:\/\/www.afne.org\/es\/2018\/10\/tornem-escola-nova-campanya-crowdfunding\/","og_site_name":"AFNE","article_publisher":"https:\/\/www.facebook.com\/afne.org","article_published_time":"2018-10-13T06:23:55+00:00","article_modified_time":"2025-09-10T09:39:36+00:00","og_image":[{"width":1024,"height":740,"url":"https:\/\/www.afne.org\/wp-content\/uploads\/2025\/09\/Tornem_al_cole_cat_web.jpg","type":"image\/jpeg"}],"author":"Maria","twitter_card":"summary_large_image","twitter_misc":{"Escrito por":"Maria","Tiempo de lectura":"1 minuto"},"schema":{"@context":"https:\/\/schema.org","@graph":[{"@type":"Article","@id":"https:\/\/www.afne.org\/es\/2018\/10\/tornem-escola-nova-campanya-crowdfunding\/#article","isPartOf":{"@id":"https:\/\/www.afne.org\/es\/2018\/10\/tornem-escola-nova-campanya-crowdfunding\/"},"author":{"name":"Maria","@id":"https:\/\/www.afne.org\/es\/#\/schema\/person\/e2b1819ab1075ef10bbab085245274a6"},"headline":"[Muketuri News] \u00ab\u00a1Volvemos al cole!\u00bb: nueva campa\u00f1a de crowdfunding","datePublished":"2018-10-13T06:23:55+00:00","dateModified":"2025-09-10T09:39:36+00:00","mainEntityOfPage":{"@id":"https:\/\/www.afne.org\/es\/2018\/10\/tornem-escola-nova-campanya-crowdfunding\/"},"wordCount":304,"commentCount":0,"publisher":{"@id":"https:\/\/www.afne.org\/es\/#organization"},"image":{"@id":"https:\/\/www.afne.org\/es\/2018\/10\/tornem-escola-nova-campanya-crowdfunding\/#primaryimage"},"thumbnailUrl":"https:\/\/www.afne.org\/wp-content\/uploads\/2025\/09\/Tornem_al_cole_cat_web.jpg","articleSection":["Cooperaci\u00f3","Muketuri","Nota"],"inLanguage":"es","potentialAction":[{"@type":"CommentAction","name":"Comment","target":["https:\/\/www.afne.org\/es\/2018\/10\/tornem-escola-nova-campanya-crowdfunding\/#respond"]}]},{"@type":"WebPage","@id":"https:\/\/www.afne.org\/es\/2018\/10\/tornem-escola-nova-campanya-crowdfunding\/","url":"https:\/\/www.afne.org\/es\/2018\/10\/tornem-escola-nova-campanya-crowdfunding\/","name":"[Muketuri News] \"\u00a1Volvemos al cole!\": nueva campa\u00f1a de crowdfunding - AFNE","isPartOf":{"@id":"https:\/\/www.afne.org\/es\/#website"},"primaryImageOfPage":{"@id":"https:\/\/www.afne.org\/es\/2018\/10\/tornem-escola-nova-campanya-crowdfunding\/#primaryimage"},"image":{"@id":"https:\/\/www.afne.org\/es\/2018\/10\/tornem-escola-nova-campanya-crowdfunding\/#primaryimage"},"thumbnailUrl":"https:\/\/www.afne.org\/wp-content\/uploads\/2025\/09\/Tornem_al_cole_cat_web.jpg","datePublished":"2018-10-13T06:23:55+00:00","dateModified":"2025-09-10T09:39:36+00:00","breadcrumb":{"@id":"https:\/\/www.afne.org\/es\/2018\/10\/tornem-escola-nova-campanya-crowdfunding\/#breadcrumb"},"inLanguage":"es","potentialAction":[{"@type":"ReadAction","target":["https:\/\/www.afne.org\/es\/2018\/10\/tornem-escola-nova-campanya-crowdfunding\/"]}]},{"@type":"ImageObject","inLanguage":"es","@id":"https:\/\/www.afne.org\/es\/2018\/10\/tornem-escola-nova-campanya-crowdfunding\/#primaryimage","url":"https:\/\/www.afne.org\/wp-content\/uploads\/2025\/09\/Tornem_al_cole_cat_web.jpg","contentUrl":"https:\/\/www.afne.org\/wp-content\/uploads\/2025\/09\/Tornem_al_cole_cat_web.jpg","width":1024,"height":740},{"@type":"BreadcrumbList","@id":"https:\/\/www.afne.org\/es\/2018\/10\/tornem-escola-nova-campanya-crowdfunding\/#breadcrumb","itemListElement":[{"@type":"ListItem","position":1,"name":"Inici","item":"https:\/\/www.afne.org\/es\/"},{"@type":"ListItem","position":2,"name":"[Muketuri News] \u00ab\u00a1Volvemos al cole!\u00bb: nueva campa\u00f1a de crowdfunding"}]},{"@type":"WebSite","@id":"https:\/\/www.afne.org\/es\/#website","url":"https:\/\/www.afne.org\/es\/","name":"AFNE","description":"Units a Eti\u00f2pia","publisher":{"@id":"https:\/\/www.afne.org\/es\/#organization"},"potentialAction":[{"@type":"SearchAction","target":{"@type":"EntryPoint","urlTemplate":"https:\/\/www.afne.org\/es\/?s={search_term_string}"},"query-input":{"@type":"PropertyValueSpecification","valueRequired":true,"valueName":"search_term_string"}}],"inLanguage":"es"},{"@type":"Organization","@id":"https:\/\/www.afne.org\/es\/#organization","name":"Associaci\u00f3 de Fam\u00edlies de Nens i Nenes d\u2019Eti\u00f2pia","url":"https:\/\/www.afne.org\/es\/","logo":{"@type":"ImageObject","inLanguage":"es","@id":"https:\/\/www.afne.org\/es\/#\/schema\/logo\/image\/","url":"https:\/\/www.afne.org\/wp-content\/uploads\/2025\/07\/logotip-afne.png","contentUrl":"https:\/\/www.afne.org\/wp-content\/uploads\/2025\/07\/logotip-afne.png","width":200,"height":48,"caption":"Associaci\u00f3 de Fam\u00edlies de Nens i Nenes d\u2019Eti\u00f2pia"},"image":{"@id":"https:\/\/www.afne.org\/es\/#\/schema\/logo\/image\/"},"sameAs":["https:\/\/www.facebook.com\/afne.org","https:\/\/www.instagram.com\/afne_etiopia\/","https:\/\/www.youtube.com\/channel\/UCh-2Vrtq80T4SbmHu0u1Beg","https:\/\/api.whatsapp.com\/message\/M2WZK3UT5QBFH1?autoload=1&app_absent=0"]},{"@type":"Person","@id":"https:\/\/www.afne.org\/es\/#\/schema\/person\/e2b1819ab1075ef10bbab085245274a6","name":"Maria","image":{"@type":"ImageObject","inLanguage":"es","@id":"https:\/\/www.afne.org\/es\/#\/schema\/person\/image\/","url":"https:\/\/secure.gravatar.com\/avatar\/f2fe719204648ce61585bd99cd483488f59a44cf04b371ed78c3488d747d71de?s=96&d=mm&r=g","contentUrl":"https:\/\/secure.gravatar.com\/avatar\/f2fe719204648ce61585bd99cd483488f59a44cf04b371ed78c3488d747d71de?s=96&d=mm&r=g","caption":"Maria"}}]}},"_links":{"self":[{"href":"https:\/\/www.afne.org\/es\/wp-json\/wp\/v2\/posts\/23025","targetHints":{"allow":["GET"]}}],"collection":[{"href":"https:\/\/www.afne.org\/es\/wp-json\/wp\/v2\/posts"}],"about":[{"href":"https:\/\/www.afne.org\/es\/wp-json\/wp\/v2\/types\/post"}],"author":[{"embeddable":true,"href":"https:\/\/www.afne.org\/es\/wp-json\/wp\/v2\/users\/2"}],"replies":[{"embeddable":true,"href":"https:\/\/www.afne.org\/es\/wp-json\/wp\/v2\/comments?post=23025"}],"version-history":[{"count":1,"href":"https:\/\/www.afne.org\/es\/wp-json\/wp\/v2\/posts\/23025\/revisions"}],"predecessor-version":[{"id":23029,"href":"https:\/\/www.afne.org\/es\/wp-json\/wp\/v2\/posts\/23025\/revisions\/23029"}],"wp:featuredmedia":[{"embeddable":true,"href":"https:\/\/www.afne.org\/es\/wp-json\/wp\/v2\/media\/17708"}],"wp:attachment":[{"href":"https:\/\/www.afne.org\/es\/wp-json\/wp\/v2\/media?parent=23025"}],"wp:term":[{"taxonomy":"category","embeddable":true,"href":"https:\/\/www.afne.org\/es\/wp-json\/wp\/v2\/categories?post=23025"},{"taxonomy":"post_tag","embeddable":true,"href":"https:\/\/www.afne.org\/es\/wp-json\/wp\/v2\/tags?post=23025"}],"curies":[{"name":"wp","href":"https:\/\/api.w.org\/{rel}","templated":true}]}}