{"id":22989,"date":"2018-05-04T09:00:52","date_gmt":"2018-05-04T07:00:52","guid":{"rendered":"http:\/\/www.afnebeta.org.mialias.net\/2018\/05\/julia-muketuri\/"},"modified":"2025-09-10T11:39:33","modified_gmt":"2025-09-10T09:39:33","slug":"julia-muketuri","status":"publish","type":"post","link":"https:\/\/www.afne.org\/es\/2018\/05\/julia-muketuri\/","title":{"rendered":"J\u00falia en Muketuri"},"content":{"rendered":"<p>J\u00falia\u00a0Perarnau\u00a0es hija de una\u00a0socia de AFNE y realiz\u00f3 un voluntariado de dos meses en Muketuri. Ella misma nos cuenta su experiencia en este art\u00edculo:<\/p>\n<p><em>\u00abHace m\u00e1s de tres meses que volv\u00ed de hacer un voluntariado en Etiop\u00eda y puedo decir (sin que sea un t\u00f3pico aunque lo parezca) que ha sido un viaje que me ha marcado. Poder conocer una sociedad tan diferente a la nuestra me ha demostrado que <strong>la diversidad es riqueza y que la vida se puede vivir de muchas maneras diferentes<\/strong> y desde muchas perspectivas. Asimismo, tambi\u00e9n me he dado cuenta de que todas las personas del mundo compartimos mucho m\u00e1s de lo que pensamos y que somos capaces de entendernos aunque no hablemos el mismo idioma.<\/em><\/p>\n<p><em>Cuando llegu\u00e9 me sent\u00eda perdida y desorientada y ten\u00eda ese sentimiento que siempre tienes cuando empiezas un viaje sola: \u00ab\u00bfQu\u00e9 hago yo aqu\u00ed?\u00bb. Pero esto enseguida cambi\u00f3 y la casa de voluntarios se convirti\u00f3 en una peque\u00f1a familia gracias a Raquel, Ana, Jordi e Imma. Ellas y \u00e9l me ense\u00f1aron el pueblo y me presentaron a las vecinas, a las trabajadoras de la escuela y a toda la gente de Muketuri que, poco a poco, se fueron convirtiendo en nuestros amigos y amigas.<\/em><\/p>\n<p><em>All\u00ed colabor\u00e9 en los diferentes proyectos de la Misi\u00f3n de San Pablo Ap\u00f3stol (MCSPA) en funci\u00f3n de lo que se necesitaba cada d\u00eda: revisiones m\u00e9dicas a los ni\u00f1os, canciones y bailes en la escuela de Mechelen, clases de ingl\u00e9s a las chicas de la residencia, etc. Pero el gran proyecto que me ocup\u00f3 casi toda mi estancia all\u00ed fue la <strong>construcci\u00f3n de una zona l\u00fadicodeportiva para la escuela de Muketuri<\/strong>.<\/em><\/p>\n<p><em>El dise\u00f1o de este <strong>proyecto, financiado por AFNE gracias a un premio convocado por el Ayuntamiento de Barcelona y ganado por la asociaci\u00f3n<\/strong>, ya estaba pensado y listo y s\u00f3lo faltaba llevar a cabo la construcci\u00f3n de los diferentes juegos. En un primer momento pens\u00e9 que ser\u00eda sencillo y que en una semana podr\u00edamos tener, sino terminado, muy avanzado. Pero no fue as\u00ed porque la cadena de pasos que hab\u00eda que hacer antes de que pudiera venir el herrero a hacer el montaje era m\u00e1s larga y complicada de lo que me esperaba. Primero necesit\u00e1bamos los neum\u00e1ticos, que compramos en Addis Abeba y eran la base de la mayor\u00eda de juegos. Despu\u00e9s hab\u00eda que pintarlos, tarea que hac\u00edamos nosotros mismos. Para pintarlos hab\u00eda pintura, pinceles (como es evidente) y sobre todo aguarr\u00e1s, porque si no era imposible quitarse la pintura de las manos (el primer d\u00eda lo constatamos).<\/em><\/p>\n<p><em>La satisfacci\u00f3n de ver el parque infantil terminado, mi \u00faltimo d\u00eda en el pueblo, mezclada con el cansancio de un d\u00eda intenso trabajando (yo m\u00e1s bien ayudando) bajo el sol es una de las emociones m\u00e1s bonitas de mi estancia en Mukuteri. Y a esta satisfacci\u00f3n se le mezclaba la tristeza del adi\u00f3s y el recuerdo de los intensos momentos vividos all\u00ed.<\/em><\/p>\n<p><em>Estudio antropolog\u00eda y tengo mis reticencias con la cooperaci\u00f3n porque siempre existe la duda de hasta qu\u00e9 punto estas relaciones fomentan el neocolonialismo. Pero ahora que he estado all\u00ed, s\u00e9 que la tarea de la MCSPA consigue <strong>mejorar el d\u00eda a d\u00eda de la gente de Muketuri y que ofrece un futuro mejor a todos los ni\u00f1os y ni\u00f1as que pueden ir a la escuela<\/strong>. Las desigualdades econ\u00f3micas y sociales est\u00e1n, es evidente, igual que las encontramos aqu\u00ed. Hay mucho trabajo por hacer en diferentes niveles pero los cambios y las mejoras tambi\u00e9n existen y son palpables.<\/em><\/p>\n<p><em>Hist\u00f3ricamente, la mirada eurocentrista hegem\u00f3nica ha visto y representado \u00c1frica como un continente pobre, lleno de gente que necesita nuestra ayuda y que poco tiene para ofrecernos m\u00e1s all\u00e1 de los paisajes ex\u00f3ticos y los safaris que se han puesto de moda m\u00e1s recientemente. Pero yo all\u00ed me he sentido mejor, sin echar nada de menos y con la posibilidad factible de vivir de una manera mucho m\u00e1s coherente con mis ideas. Y para m\u00ed eso es lo que Muketuri y tantos otros pueblos africanos nos est\u00e1n ofreciendo: <strong>un modelo de vida m\u00e1s respetuoso con la naturaleza, basado en la solidaridad entre vecinos y vecinas<\/strong> y sin prisas consumistas.<\/em><\/p>\n<p><em>Ahora, cuando pienso en estos dos meses, me quedo con todas las amistades que he hecho, con la suerte que he tenido de conocer personas muy diferentes de m\u00ed y, al mismo tiempo, muy parecidas. Personas con las que en otro contexto seguramente no habr\u00edamos sabido conectar y que ahora ya forman parte de mi vida. Lo que <strong>nos ha unido es la solidaridad sin fronteras, el altruismo y las ganas de construir un mundo mejor<\/strong>. Desde diferentes perspectivas y recorridos vitales pero con un mismo objetivo: ayudar de t\u00fa a t\u00fa, sin paternalismo, sea aqu\u00ed o all\u00e1. Vivimos en un mundo donde los estados se esfuerzan en reforzar sus fronteras pero las luchas se vuelven internacionales y la solidaridad tambi\u00e9n.<\/em><\/p>\n<p><em>Para m\u00ed, la foto que resumir\u00eda estos dos meses ser\u00eda la de los ni\u00f1os y ni\u00f1as de la escuela jugando y riendo con los nuevos juegos que tienen en el patio, viviendo la vida que cualquier ni\u00f1o se merece. Creciendo fuertes y sanos para poder construir un presente y un futuro mejor para todos.<\/em><\/p>\n<p><em>J\u00falia\u00bb<\/em><\/p>\n<p>&nbsp;<\/p>\n<figure style=\"width: 700px\" class=\"wp-caption aligncenter\"><a href=\"https:\/\/www.afne.org\/wp-content\/uploads\/2025\/09\/jocs-muketuri.jpg\" target=\"_blank\" rel=\"noopener noreferrer\"><img fetchpriority=\"high\" decoding=\"async\" class=\"wp-image-7377\" src=\"https:\/\/www.afne.org\/wp-content\/uploads\/2025\/09\/jocs-muketuri.jpg\" alt=\"\" width=\"700\" height=\"525\" \/><\/a><figcaption class=\"wp-caption-text\">Nueva zona l\u00fadicodeportiva<\/figcaption><\/figure>\n<p>&nbsp;<\/p>\n\n","protected":false},"excerpt":{"rendered":"<p>J\u00falia\u00a0Perarnau\u00a0es hija de una\u00a0socia de AFNE y realiz\u00f3 un voluntariado de dos meses en Muketuri. Ella misma nos cuenta su experiencia en este art\u00edculo: \u00abHace m\u00e1s de tres meses que volv\u00ed de hacer un voluntariado en Etiop\u00eda y puedo decir (sin que sea un t\u00f3pico aunque lo parezca) que ha sido un viaje que me [&hellip;]<\/p>\n","protected":false},"author":2,"featured_media":17617,"comment_status":"open","ping_status":"open","sticky":false,"template":"","format":"standard","meta":{"_acf_changed":false,"footnotes":""},"categories":[523,524],"tags":[],"class_list":["post-22989","post","type-post","status-publish","format-standard","has-post-thumbnail","hentry","category-cooperacio-2","category-muketuri-cooperacio-2"],"acf":[],"yoast_head":"<!-- This site is optimized with the Yoast SEO plugin v26.4 - https:\/\/yoast.com\/wordpress\/plugins\/seo\/ -->\n<title>J\u00falia en Muketuri - AFNE<\/title>\n<meta name=\"robots\" content=\"index, follow, max-snippet:-1, max-image-preview:large, max-video-preview:-1\" \/>\n<link rel=\"canonical\" href=\"https:\/\/www.afne.org\/es\/2018\/05\/julia-muketuri\/\" \/>\n<meta property=\"og:locale\" content=\"es_ES\" \/>\n<meta property=\"og:type\" content=\"article\" \/>\n<meta property=\"og:title\" content=\"J\u00falia en Muketuri - AFNE\" \/>\n<meta property=\"og:description\" content=\"J\u00falia\u00a0Perarnau\u00a0es hija de una\u00a0socia de AFNE y realiz\u00f3 un voluntariado de dos meses en Muketuri. Ella misma nos cuenta su experiencia en este art\u00edculo: \u00abHace m\u00e1s de tres meses que volv\u00ed de hacer un voluntariado en Etiop\u00eda y puedo decir (sin que sea un t\u00f3pico aunque lo parezca) que ha sido un viaje que me [&hellip;]\" \/>\n<meta property=\"og:url\" content=\"https:\/\/www.afne.org\/es\/2018\/05\/julia-muketuri\/\" \/>\n<meta property=\"og:site_name\" content=\"AFNE\" \/>\n<meta property=\"article:publisher\" content=\"https:\/\/www.facebook.com\/afne.org\" \/>\n<meta property=\"article:published_time\" content=\"2018-05-04T07:00:52+00:00\" \/>\n<meta property=\"article:modified_time\" content=\"2025-09-10T09:39:33+00:00\" \/>\n<meta property=\"og:image\" content=\"https:\/\/www.afne.org\/wp-content\/uploads\/2025\/09\/jocs-muketuri-1.jpg\" \/>\n\t<meta property=\"og:image:width\" content=\"970\" \/>\n\t<meta property=\"og:image:height\" content=\"727\" \/>\n\t<meta property=\"og:image:type\" content=\"image\/jpeg\" \/>\n<meta name=\"author\" content=\"Maria\" \/>\n<meta name=\"twitter:card\" content=\"summary_large_image\" \/>\n<meta name=\"twitter:label1\" content=\"Escrito por\" \/>\n\t<meta name=\"twitter:data1\" content=\"Maria\" \/>\n\t<meta name=\"twitter:label2\" content=\"Tiempo de lectura\" \/>\n\t<meta name=\"twitter:data2\" content=\"5 minutos\" \/>\n<script type=\"application\/ld+json\" class=\"yoast-schema-graph\">{\"@context\":\"https:\/\/schema.org\",\"@graph\":[{\"@type\":\"Article\",\"@id\":\"https:\/\/www.afne.org\/es\/2018\/05\/julia-muketuri\/#article\",\"isPartOf\":{\"@id\":\"https:\/\/www.afne.org\/es\/2018\/05\/julia-muketuri\/\"},\"author\":{\"name\":\"Maria\",\"@id\":\"https:\/\/www.afne.org\/es\/#\/schema\/person\/e2b1819ab1075ef10bbab085245274a6\"},\"headline\":\"J\u00falia en Muketuri\",\"datePublished\":\"2018-05-04T07:00:52+00:00\",\"dateModified\":\"2025-09-10T09:39:33+00:00\",\"mainEntityOfPage\":{\"@id\":\"https:\/\/www.afne.org\/es\/2018\/05\/julia-muketuri\/\"},\"wordCount\":1066,\"commentCount\":0,\"publisher\":{\"@id\":\"https:\/\/www.afne.org\/es\/#organization\"},\"image\":{\"@id\":\"https:\/\/www.afne.org\/es\/2018\/05\/julia-muketuri\/#primaryimage\"},\"thumbnailUrl\":\"https:\/\/www.afne.org\/wp-content\/uploads\/2025\/09\/jocs-muketuri-1.jpg\",\"articleSection\":[\"Cooperaci\u00f3\",\"Muketuri\"],\"inLanguage\":\"es\",\"potentialAction\":[{\"@type\":\"CommentAction\",\"name\":\"Comment\",\"target\":[\"https:\/\/www.afne.org\/es\/2018\/05\/julia-muketuri\/#respond\"]}]},{\"@type\":\"WebPage\",\"@id\":\"https:\/\/www.afne.org\/es\/2018\/05\/julia-muketuri\/\",\"url\":\"https:\/\/www.afne.org\/es\/2018\/05\/julia-muketuri\/\",\"name\":\"J\u00falia en Muketuri - AFNE\",\"isPartOf\":{\"@id\":\"https:\/\/www.afne.org\/es\/#website\"},\"primaryImageOfPage\":{\"@id\":\"https:\/\/www.afne.org\/es\/2018\/05\/julia-muketuri\/#primaryimage\"},\"image\":{\"@id\":\"https:\/\/www.afne.org\/es\/2018\/05\/julia-muketuri\/#primaryimage\"},\"thumbnailUrl\":\"https:\/\/www.afne.org\/wp-content\/uploads\/2025\/09\/jocs-muketuri-1.jpg\",\"datePublished\":\"2018-05-04T07:00:52+00:00\",\"dateModified\":\"2025-09-10T09:39:33+00:00\",\"breadcrumb\":{\"@id\":\"https:\/\/www.afne.org\/es\/2018\/05\/julia-muketuri\/#breadcrumb\"},\"inLanguage\":\"es\",\"potentialAction\":[{\"@type\":\"ReadAction\",\"target\":[\"https:\/\/www.afne.org\/es\/2018\/05\/julia-muketuri\/\"]}]},{\"@type\":\"ImageObject\",\"inLanguage\":\"es\",\"@id\":\"https:\/\/www.afne.org\/es\/2018\/05\/julia-muketuri\/#primaryimage\",\"url\":\"https:\/\/www.afne.org\/wp-content\/uploads\/2025\/09\/jocs-muketuri-1.jpg\",\"contentUrl\":\"https:\/\/www.afne.org\/wp-content\/uploads\/2025\/09\/jocs-muketuri-1.jpg\",\"width\":970,\"height\":727},{\"@type\":\"BreadcrumbList\",\"@id\":\"https:\/\/www.afne.org\/es\/2018\/05\/julia-muketuri\/#breadcrumb\",\"itemListElement\":[{\"@type\":\"ListItem\",\"position\":1,\"name\":\"Inici\",\"item\":\"https:\/\/www.afne.org\/es\/\"},{\"@type\":\"ListItem\",\"position\":2,\"name\":\"J\u00falia en Muketuri\"}]},{\"@type\":\"WebSite\",\"@id\":\"https:\/\/www.afne.org\/es\/#website\",\"url\":\"https:\/\/www.afne.org\/es\/\",\"name\":\"AFNE\",\"description\":\"Units a Eti\u00f2pia\",\"publisher\":{\"@id\":\"https:\/\/www.afne.org\/es\/#organization\"},\"potentialAction\":[{\"@type\":\"SearchAction\",\"target\":{\"@type\":\"EntryPoint\",\"urlTemplate\":\"https:\/\/www.afne.org\/es\/?s={search_term_string}\"},\"query-input\":{\"@type\":\"PropertyValueSpecification\",\"valueRequired\":true,\"valueName\":\"search_term_string\"}}],\"inLanguage\":\"es\"},{\"@type\":\"Organization\",\"@id\":\"https:\/\/www.afne.org\/es\/#organization\",\"name\":\"Associaci\u00f3 de Fam\u00edlies de Nens i Nenes d\u2019Eti\u00f2pia\",\"url\":\"https:\/\/www.afne.org\/es\/\",\"logo\":{\"@type\":\"ImageObject\",\"inLanguage\":\"es\",\"@id\":\"https:\/\/www.afne.org\/es\/#\/schema\/logo\/image\/\",\"url\":\"https:\/\/www.afne.org\/wp-content\/uploads\/2025\/07\/logotip-afne.png\",\"contentUrl\":\"https:\/\/www.afne.org\/wp-content\/uploads\/2025\/07\/logotip-afne.png\",\"width\":200,\"height\":48,\"caption\":\"Associaci\u00f3 de Fam\u00edlies de Nens i Nenes d\u2019Eti\u00f2pia\"},\"image\":{\"@id\":\"https:\/\/www.afne.org\/es\/#\/schema\/logo\/image\/\"},\"sameAs\":[\"https:\/\/www.facebook.com\/afne.org\",\"https:\/\/www.instagram.com\/afne_etiopia\/\",\"https:\/\/www.youtube.com\/channel\/UCh-2Vrtq80T4SbmHu0u1Beg\",\"https:\/\/api.whatsapp.com\/message\/M2WZK3UT5QBFH1?autoload=1&app_absent=0\"]},{\"@type\":\"Person\",\"@id\":\"https:\/\/www.afne.org\/es\/#\/schema\/person\/e2b1819ab1075ef10bbab085245274a6\",\"name\":\"Maria\",\"image\":{\"@type\":\"ImageObject\",\"inLanguage\":\"es\",\"@id\":\"https:\/\/www.afne.org\/es\/#\/schema\/person\/image\/\",\"url\":\"https:\/\/secure.gravatar.com\/avatar\/f2fe719204648ce61585bd99cd483488f59a44cf04b371ed78c3488d747d71de?s=96&d=mm&r=g\",\"contentUrl\":\"https:\/\/secure.gravatar.com\/avatar\/f2fe719204648ce61585bd99cd483488f59a44cf04b371ed78c3488d747d71de?s=96&d=mm&r=g\",\"caption\":\"Maria\"}}]}<\/script>\n<!-- \/ Yoast SEO plugin. -->","yoast_head_json":{"title":"J\u00falia en Muketuri - AFNE","robots":{"index":"index","follow":"follow","max-snippet":"max-snippet:-1","max-image-preview":"max-image-preview:large","max-video-preview":"max-video-preview:-1"},"canonical":"https:\/\/www.afne.org\/es\/2018\/05\/julia-muketuri\/","og_locale":"es_ES","og_type":"article","og_title":"J\u00falia en Muketuri - AFNE","og_description":"J\u00falia\u00a0Perarnau\u00a0es hija de una\u00a0socia de AFNE y realiz\u00f3 un voluntariado de dos meses en Muketuri. Ella misma nos cuenta su experiencia en este art\u00edculo: \u00abHace m\u00e1s de tres meses que volv\u00ed de hacer un voluntariado en Etiop\u00eda y puedo decir (sin que sea un t\u00f3pico aunque lo parezca) que ha sido un viaje que me [&hellip;]","og_url":"https:\/\/www.afne.org\/es\/2018\/05\/julia-muketuri\/","og_site_name":"AFNE","article_publisher":"https:\/\/www.facebook.com\/afne.org","article_published_time":"2018-05-04T07:00:52+00:00","article_modified_time":"2025-09-10T09:39:33+00:00","og_image":[{"width":970,"height":727,"url":"https:\/\/www.afne.org\/wp-content\/uploads\/2025\/09\/jocs-muketuri-1.jpg","type":"image\/jpeg"}],"author":"Maria","twitter_card":"summary_large_image","twitter_misc":{"Escrito por":"Maria","Tiempo de lectura":"5 minutos"},"schema":{"@context":"https:\/\/schema.org","@graph":[{"@type":"Article","@id":"https:\/\/www.afne.org\/es\/2018\/05\/julia-muketuri\/#article","isPartOf":{"@id":"https:\/\/www.afne.org\/es\/2018\/05\/julia-muketuri\/"},"author":{"name":"Maria","@id":"https:\/\/www.afne.org\/es\/#\/schema\/person\/e2b1819ab1075ef10bbab085245274a6"},"headline":"J\u00falia en Muketuri","datePublished":"2018-05-04T07:00:52+00:00","dateModified":"2025-09-10T09:39:33+00:00","mainEntityOfPage":{"@id":"https:\/\/www.afne.org\/es\/2018\/05\/julia-muketuri\/"},"wordCount":1066,"commentCount":0,"publisher":{"@id":"https:\/\/www.afne.org\/es\/#organization"},"image":{"@id":"https:\/\/www.afne.org\/es\/2018\/05\/julia-muketuri\/#primaryimage"},"thumbnailUrl":"https:\/\/www.afne.org\/wp-content\/uploads\/2025\/09\/jocs-muketuri-1.jpg","articleSection":["Cooperaci\u00f3","Muketuri"],"inLanguage":"es","potentialAction":[{"@type":"CommentAction","name":"Comment","target":["https:\/\/www.afne.org\/es\/2018\/05\/julia-muketuri\/#respond"]}]},{"@type":"WebPage","@id":"https:\/\/www.afne.org\/es\/2018\/05\/julia-muketuri\/","url":"https:\/\/www.afne.org\/es\/2018\/05\/julia-muketuri\/","name":"J\u00falia en Muketuri - AFNE","isPartOf":{"@id":"https:\/\/www.afne.org\/es\/#website"},"primaryImageOfPage":{"@id":"https:\/\/www.afne.org\/es\/2018\/05\/julia-muketuri\/#primaryimage"},"image":{"@id":"https:\/\/www.afne.org\/es\/2018\/05\/julia-muketuri\/#primaryimage"},"thumbnailUrl":"https:\/\/www.afne.org\/wp-content\/uploads\/2025\/09\/jocs-muketuri-1.jpg","datePublished":"2018-05-04T07:00:52+00:00","dateModified":"2025-09-10T09:39:33+00:00","breadcrumb":{"@id":"https:\/\/www.afne.org\/es\/2018\/05\/julia-muketuri\/#breadcrumb"},"inLanguage":"es","potentialAction":[{"@type":"ReadAction","target":["https:\/\/www.afne.org\/es\/2018\/05\/julia-muketuri\/"]}]},{"@type":"ImageObject","inLanguage":"es","@id":"https:\/\/www.afne.org\/es\/2018\/05\/julia-muketuri\/#primaryimage","url":"https:\/\/www.afne.org\/wp-content\/uploads\/2025\/09\/jocs-muketuri-1.jpg","contentUrl":"https:\/\/www.afne.org\/wp-content\/uploads\/2025\/09\/jocs-muketuri-1.jpg","width":970,"height":727},{"@type":"BreadcrumbList","@id":"https:\/\/www.afne.org\/es\/2018\/05\/julia-muketuri\/#breadcrumb","itemListElement":[{"@type":"ListItem","position":1,"name":"Inici","item":"https:\/\/www.afne.org\/es\/"},{"@type":"ListItem","position":2,"name":"J\u00falia en Muketuri"}]},{"@type":"WebSite","@id":"https:\/\/www.afne.org\/es\/#website","url":"https:\/\/www.afne.org\/es\/","name":"AFNE","description":"Units a Eti\u00f2pia","publisher":{"@id":"https:\/\/www.afne.org\/es\/#organization"},"potentialAction":[{"@type":"SearchAction","target":{"@type":"EntryPoint","urlTemplate":"https:\/\/www.afne.org\/es\/?s={search_term_string}"},"query-input":{"@type":"PropertyValueSpecification","valueRequired":true,"valueName":"search_term_string"}}],"inLanguage":"es"},{"@type":"Organization","@id":"https:\/\/www.afne.org\/es\/#organization","name":"Associaci\u00f3 de Fam\u00edlies de Nens i Nenes d\u2019Eti\u00f2pia","url":"https:\/\/www.afne.org\/es\/","logo":{"@type":"ImageObject","inLanguage":"es","@id":"https:\/\/www.afne.org\/es\/#\/schema\/logo\/image\/","url":"https:\/\/www.afne.org\/wp-content\/uploads\/2025\/07\/logotip-afne.png","contentUrl":"https:\/\/www.afne.org\/wp-content\/uploads\/2025\/07\/logotip-afne.png","width":200,"height":48,"caption":"Associaci\u00f3 de Fam\u00edlies de Nens i Nenes d\u2019Eti\u00f2pia"},"image":{"@id":"https:\/\/www.afne.org\/es\/#\/schema\/logo\/image\/"},"sameAs":["https:\/\/www.facebook.com\/afne.org","https:\/\/www.instagram.com\/afne_etiopia\/","https:\/\/www.youtube.com\/channel\/UCh-2Vrtq80T4SbmHu0u1Beg","https:\/\/api.whatsapp.com\/message\/M2WZK3UT5QBFH1?autoload=1&app_absent=0"]},{"@type":"Person","@id":"https:\/\/www.afne.org\/es\/#\/schema\/person\/e2b1819ab1075ef10bbab085245274a6","name":"Maria","image":{"@type":"ImageObject","inLanguage":"es","@id":"https:\/\/www.afne.org\/es\/#\/schema\/person\/image\/","url":"https:\/\/secure.gravatar.com\/avatar\/f2fe719204648ce61585bd99cd483488f59a44cf04b371ed78c3488d747d71de?s=96&d=mm&r=g","contentUrl":"https:\/\/secure.gravatar.com\/avatar\/f2fe719204648ce61585bd99cd483488f59a44cf04b371ed78c3488d747d71de?s=96&d=mm&r=g","caption":"Maria"}}]}},"_links":{"self":[{"href":"https:\/\/www.afne.org\/es\/wp-json\/wp\/v2\/posts\/22989","targetHints":{"allow":["GET"]}}],"collection":[{"href":"https:\/\/www.afne.org\/es\/wp-json\/wp\/v2\/posts"}],"about":[{"href":"https:\/\/www.afne.org\/es\/wp-json\/wp\/v2\/types\/post"}],"author":[{"embeddable":true,"href":"https:\/\/www.afne.org\/es\/wp-json\/wp\/v2\/users\/2"}],"replies":[{"embeddable":true,"href":"https:\/\/www.afne.org\/es\/wp-json\/wp\/v2\/comments?post=22989"}],"version-history":[{"count":2,"href":"https:\/\/www.afne.org\/es\/wp-json\/wp\/v2\/posts\/22989\/revisions"}],"predecessor-version":[{"id":22991,"href":"https:\/\/www.afne.org\/es\/wp-json\/wp\/v2\/posts\/22989\/revisions\/22991"}],"wp:featuredmedia":[{"embeddable":true,"href":"https:\/\/www.afne.org\/es\/wp-json\/wp\/v2\/media\/17617"}],"wp:attachment":[{"href":"https:\/\/www.afne.org\/es\/wp-json\/wp\/v2\/media?parent=22989"}],"wp:term":[{"taxonomy":"category","embeddable":true,"href":"https:\/\/www.afne.org\/es\/wp-json\/wp\/v2\/categories?post=22989"},{"taxonomy":"post_tag","embeddable":true,"href":"https:\/\/www.afne.org\/es\/wp-json\/wp\/v2\/tags?post=22989"}],"curies":[{"name":"wp","href":"https:\/\/api.w.org\/{rel}","templated":true}]}}