{"id":22893,"date":"2017-09-15T10:41:01","date_gmt":"2017-09-15T08:41:01","guid":{"rendered":"http:\/\/www.afnebeta.org.mialias.net\/2017\/09\/relat-del-viatge-de-retorn-a-etiopia-de-les-families-den-haile-i-en-girum-dos-etiops-madrilenys-de-12-anys\/"},"modified":"2025-09-10T11:39:16","modified_gmt":"2025-09-10T09:39:16","slug":"relat-del-viatge-de-retorn-a-etiopia-de-les-families-den-haile-i-en-girum-dos-etiops-madrilenys-de-12-anys","status":"publish","type":"post","link":"https:\/\/www.afne.org\/es\/2017\/09\/relat-del-viatge-de-retorn-a-etiopia-de-les-families-den-haile-i-en-girum-dos-etiops-madrilenys-de-12-anys\/","title":{"rendered":"Relato de viaje de retorno a Etiop\u00eda de las familias de Haile y Girum, dos et\u00edopes madrile\u00f1os de 12 a\u00f1os"},"content":{"rendered":"<p>Empezamos un nuevo curso compartiendo el relato que nos han hecho llegar las familias de Haile y Girum, dos et\u00edopes de Madrid, que este verano realizaron el viaje de retorno a Etiop\u00eda. \u00a1Una lectura muy recomendable!<\/p>\n<p><img fetchpriority=\"high\" decoding=\"async\" class=\"aligncenter size-full wp-image-6452\" src=\"https:\/\/www.afne.org\/wp-content\/uploads\/2025\/09\/viatge-etiopia.jpg\" alt=\"\" width=\"1024\" height=\"532\" \/><\/p>\n<h4><strong><em>Nuestro viaje a Etiop\u00eda\u00a0&#8211; Girum y Haile<\/em><\/strong><\/h4>\n<p><em>Este viaje comenz\u00f3 hace unos a\u00f1os cuando nuestros hijos empezaron a preguntarse si tendr\u00edan hermanos en Etiop\u00eda, y sigui\u00f3 con unas colonias de verano de AFNE, y continu\u00f3 con todas las familias que conocimos ah\u00ed y\u2026un d\u00eda a principios de este a\u00f1o cre\u00edmos que hab\u00eda llegado el momento de volar otra vez, esta vez en un viaje de retorno, 12 a\u00f1os despu\u00e9s, con nuestros hijos Haile y Girum. <\/em><\/p>\n<p><em>Viajar con nuestros hijos a Etiop\u00eda para descubrir y conocer con ellos su pa\u00eds de origen es la mayor aventura que hemos emprendido despu\u00e9s de la adopci\u00f3n. Ha sido una experiencia en todos los sentidos, f\u00edsica, emocional y algo m\u00e1s profundo, a lo que todav\u00eda no conseguimos poner nombre. Partimos con muchas ganas, llenos de curiosidad, entusiasmo\u2026 y muchas dudas e incertidumbres. <\/em><\/p>\n<p><em>A la vuelta de un mes, ya en casa y habiendo reposado un poco el viaje, nos damos cuenta de que ha sido dar un gran paso hacia delante, ha sido un paso entre otras cosas en nuestra relaci\u00f3n madre-hijo, un paso que nos ayudar\u00e1 mucho en el futuro. Nunca hemos tenido dudas sobre nuestros lazos pero despu\u00e9s de este viaje se han hecho m\u00e1s fuertes, no hay fisuras. Y lo m\u00e1s importante, observamos a nuestros hijos y sentimos que han vuelto m\u00e1s seguros de si mismos, tranquilos y sonriendo. <\/em><\/p>\n<p><em>Ha sido un viaje donde hemos re\u00eddo, nos hemos emocionado, pasado nervios, discutido, bailado, cantado, nos hemos calado hasta los huesos, nos hemos comprendido mucho m\u00e1s y sobretodo nos hemos querido. Ha sido genial. Hemos tenido la suerte de hacer el viaje las dos familias, las madres tenemos un v\u00ednculo especial desde que nos conocimos en AFNE, saber que la otra persona te entiende y est\u00e1 viviendo lo mismo hace todo m\u00e1s <\/em><em>sencillo. Adem\u00e1s, viajar con nuestros nuevos integrantes de la familia, nos ha permitido conocernos m\u00e1s profundamente, y tener su compa\u00f1\u00eda y apoyo ha sido muy importante. Tambi\u00e9n ha sido un privilegio para ellos, porque les ha reafirmado un v\u00ednculo muy especial con Girum y Haile. <\/em><\/p>\n<p><em>Recordamos muchas veces las conversaciones con Ricard que nos aconsej\u00f3 hacer este viaje y nos relat\u00f3 su experiencia, las palabras de Santi, de IPI, que entre otras cosas nos dijo que esa puerta tarde o temprano los ni\u00f1os acaban abri\u00e9ndola. Ambos fueron muy prudentes con sus palabras porque un viaje en busca de los or\u00edgenes indudablemente es diferente para cada uno y no se sabe c\u00f3mo va a discurrir, y el discurrir en el tiempo es largo. Queremos ser igual de prudentes, pero es verdad que, a d\u00eda de hoy, nuestra experiencia es muy positiva, sentimos que este viaje es el inicio de un viaje m\u00e1s largo. Es un viaje de descubrimientos. <\/em><\/p>\n<p><em>Haile y Girum describen el viaje como una experiencia inolvidable y bonita. Inquietante al principio pero en la que luego se fueron todos los miedos. Les ha encantado conocer la cultura, creencias y costumbres de su pa\u00eds de origen. En sus palabras \u201cLa gente es muy maja. Este viaje me ha ayudado a conocer un poco m\u00e1s el pa\u00eds del cual vengo y tambi\u00e9n me ha completado en cierto sentido. Como si ahora conociera una parte de m\u00ed mismo que antes no conoc\u00eda\u201d. Conocer Muketuri, el sitio con el que tantas veces se han asomado a Etiop\u00eda fue muy gratificante, se sintieron \u201ccomo si estuvieran con ellos mismos\u201d. Les ha encantado descubrirlo juntos porque a los dos les parec\u00eda fascinante ver c\u00f3mo el otro descubr\u00eda todo a la vez que \u00e9l mismo, les daba sensaci\u00f3n de relajaci\u00f3n. Ambos dicen que est\u00e1n encantados de haber ido de peque\u00f1os porque as\u00ed no tienen que imaginar ni tener dudas durante su futuro.\u00a0<\/em><\/p>\n","protected":false},"excerpt":{"rendered":"<p>Empezamos un nuevo curso compartiendo el relato que nos han hecho llegar las familias de Haile y Girum, dos et\u00edopes de Madrid, que este verano realizaron el viaje de retorno a Etiop\u00eda. \u00a1Una lectura muy recomendable! Nuestro viaje a Etiop\u00eda\u00a0&#8211; Girum y Haile Este viaje comenz\u00f3 hace unos a\u00f1os cuando nuestros hijos empezaron a preguntarse [&hellip;]<\/p>\n","protected":false},"author":2,"featured_media":17299,"comment_status":"open","ping_status":"open","sticky":false,"template":"","format":"standard","meta":{"_acf_changed":false,"footnotes":""},"categories":[527,550],"tags":[],"class_list":["post-22893","post","type-post","status-publish","format-standard","has-post-thumbnail","hentry","category-articles-2","category-viatge-de-retorn-articles-2"],"acf":[],"yoast_head":"<!-- This site is optimized with the Yoast SEO plugin v26.4 - https:\/\/yoast.com\/wordpress\/plugins\/seo\/ -->\n<title>Relato de viaje de retorno a Etiop\u00eda de las familias de Haile y Girum, dos et\u00edopes madrile\u00f1os de 12 a\u00f1os - AFNE<\/title>\n<meta name=\"robots\" content=\"index, follow, max-snippet:-1, max-image-preview:large, max-video-preview:-1\" \/>\n<link rel=\"canonical\" href=\"https:\/\/www.afne.org\/es\/2017\/09\/relat-del-viatge-de-retorn-a-etiopia-de-les-families-den-haile-i-en-girum-dos-etiops-madrilenys-de-12-anys\/\" \/>\n<meta property=\"og:locale\" content=\"es_ES\" \/>\n<meta property=\"og:type\" content=\"article\" \/>\n<meta property=\"og:title\" content=\"Relato de viaje de retorno a Etiop\u00eda de las familias de Haile y Girum, dos et\u00edopes madrile\u00f1os de 12 a\u00f1os - AFNE\" \/>\n<meta property=\"og:description\" content=\"Empezamos un nuevo curso compartiendo el relato que nos han hecho llegar las familias de Haile y Girum, dos et\u00edopes de Madrid, que este verano realizaron el viaje de retorno a Etiop\u00eda. \u00a1Una lectura muy recomendable! Nuestro viaje a Etiop\u00eda\u00a0&#8211; Girum y Haile Este viaje comenz\u00f3 hace unos a\u00f1os cuando nuestros hijos empezaron a preguntarse [&hellip;]\" \/>\n<meta property=\"og:url\" content=\"https:\/\/www.afne.org\/es\/2017\/09\/relat-del-viatge-de-retorn-a-etiopia-de-les-families-den-haile-i-en-girum-dos-etiops-madrilenys-de-12-anys\/\" \/>\n<meta property=\"og:site_name\" content=\"AFNE\" \/>\n<meta property=\"article:publisher\" content=\"https:\/\/www.facebook.com\/afne.org\" \/>\n<meta property=\"article:published_time\" content=\"2017-09-15T08:41:01+00:00\" \/>\n<meta property=\"article:modified_time\" content=\"2025-09-10T09:39:16+00:00\" \/>\n<meta property=\"og:image\" content=\"https:\/\/www.afne.org\/wp-content\/uploads\/2025\/09\/viatge-etiopia-1.jpg\" \/>\n\t<meta property=\"og:image:width\" content=\"1024\" \/>\n\t<meta property=\"og:image:height\" content=\"532\" \/>\n\t<meta property=\"og:image:type\" content=\"image\/jpeg\" \/>\n<meta name=\"author\" content=\"Maria\" \/>\n<meta name=\"twitter:card\" content=\"summary_large_image\" \/>\n<meta name=\"twitter:label1\" content=\"Escrito por\" \/>\n\t<meta name=\"twitter:data1\" content=\"Maria\" \/>\n\t<meta name=\"twitter:label2\" content=\"Tiempo de lectura\" \/>\n\t<meta name=\"twitter:data2\" content=\"4 minutos\" \/>\n<script type=\"application\/ld+json\" class=\"yoast-schema-graph\">{\"@context\":\"https:\/\/schema.org\",\"@graph\":[{\"@type\":\"Article\",\"@id\":\"https:\/\/www.afne.org\/es\/2017\/09\/relat-del-viatge-de-retorn-a-etiopia-de-les-families-den-haile-i-en-girum-dos-etiops-madrilenys-de-12-anys\/#article\",\"isPartOf\":{\"@id\":\"https:\/\/www.afne.org\/es\/2017\/09\/relat-del-viatge-de-retorn-a-etiopia-de-les-families-den-haile-i-en-girum-dos-etiops-madrilenys-de-12-anys\/\"},\"author\":{\"name\":\"Maria\",\"@id\":\"https:\/\/www.afne.org\/es\/#\/schema\/person\/e2b1819ab1075ef10bbab085245274a6\"},\"headline\":\"Relato de viaje de retorno a Etiop\u00eda de las familias de Haile y Girum, dos et\u00edopes madrile\u00f1os de 12 a\u00f1os\",\"datePublished\":\"2017-09-15T08:41:01+00:00\",\"dateModified\":\"2025-09-10T09:39:16+00:00\",\"mainEntityOfPage\":{\"@id\":\"https:\/\/www.afne.org\/es\/2017\/09\/relat-del-viatge-de-retorn-a-etiopia-de-les-families-den-haile-i-en-girum-dos-etiops-madrilenys-de-12-anys\/\"},\"wordCount\":727,\"commentCount\":0,\"publisher\":{\"@id\":\"https:\/\/www.afne.org\/es\/#organization\"},\"image\":{\"@id\":\"https:\/\/www.afne.org\/es\/2017\/09\/relat-del-viatge-de-retorn-a-etiopia-de-les-families-den-haile-i-en-girum-dos-etiops-madrilenys-de-12-anys\/#primaryimage\"},\"thumbnailUrl\":\"https:\/\/www.afne.org\/wp-content\/uploads\/2025\/09\/viatge-etiopia-1.jpg\",\"articleSection\":[\"Art\u00edculos\",\"Viatge de retorn\"],\"inLanguage\":\"es\",\"potentialAction\":[{\"@type\":\"CommentAction\",\"name\":\"Comment\",\"target\":[\"https:\/\/www.afne.org\/es\/2017\/09\/relat-del-viatge-de-retorn-a-etiopia-de-les-families-den-haile-i-en-girum-dos-etiops-madrilenys-de-12-anys\/#respond\"]}]},{\"@type\":\"WebPage\",\"@id\":\"https:\/\/www.afne.org\/es\/2017\/09\/relat-del-viatge-de-retorn-a-etiopia-de-les-families-den-haile-i-en-girum-dos-etiops-madrilenys-de-12-anys\/\",\"url\":\"https:\/\/www.afne.org\/es\/2017\/09\/relat-del-viatge-de-retorn-a-etiopia-de-les-families-den-haile-i-en-girum-dos-etiops-madrilenys-de-12-anys\/\",\"name\":\"Relato de viaje de retorno a Etiop\u00eda de las familias de Haile y Girum, dos et\u00edopes madrile\u00f1os de 12 a\u00f1os - AFNE\",\"isPartOf\":{\"@id\":\"https:\/\/www.afne.org\/es\/#website\"},\"primaryImageOfPage\":{\"@id\":\"https:\/\/www.afne.org\/es\/2017\/09\/relat-del-viatge-de-retorn-a-etiopia-de-les-families-den-haile-i-en-girum-dos-etiops-madrilenys-de-12-anys\/#primaryimage\"},\"image\":{\"@id\":\"https:\/\/www.afne.org\/es\/2017\/09\/relat-del-viatge-de-retorn-a-etiopia-de-les-families-den-haile-i-en-girum-dos-etiops-madrilenys-de-12-anys\/#primaryimage\"},\"thumbnailUrl\":\"https:\/\/www.afne.org\/wp-content\/uploads\/2025\/09\/viatge-etiopia-1.jpg\",\"datePublished\":\"2017-09-15T08:41:01+00:00\",\"dateModified\":\"2025-09-10T09:39:16+00:00\",\"breadcrumb\":{\"@id\":\"https:\/\/www.afne.org\/es\/2017\/09\/relat-del-viatge-de-retorn-a-etiopia-de-les-families-den-haile-i-en-girum-dos-etiops-madrilenys-de-12-anys\/#breadcrumb\"},\"inLanguage\":\"es\",\"potentialAction\":[{\"@type\":\"ReadAction\",\"target\":[\"https:\/\/www.afne.org\/es\/2017\/09\/relat-del-viatge-de-retorn-a-etiopia-de-les-families-den-haile-i-en-girum-dos-etiops-madrilenys-de-12-anys\/\"]}]},{\"@type\":\"ImageObject\",\"inLanguage\":\"es\",\"@id\":\"https:\/\/www.afne.org\/es\/2017\/09\/relat-del-viatge-de-retorn-a-etiopia-de-les-families-den-haile-i-en-girum-dos-etiops-madrilenys-de-12-anys\/#primaryimage\",\"url\":\"https:\/\/www.afne.org\/wp-content\/uploads\/2025\/09\/viatge-etiopia-1.jpg\",\"contentUrl\":\"https:\/\/www.afne.org\/wp-content\/uploads\/2025\/09\/viatge-etiopia-1.jpg\",\"width\":1024,\"height\":532},{\"@type\":\"BreadcrumbList\",\"@id\":\"https:\/\/www.afne.org\/es\/2017\/09\/relat-del-viatge-de-retorn-a-etiopia-de-les-families-den-haile-i-en-girum-dos-etiops-madrilenys-de-12-anys\/#breadcrumb\",\"itemListElement\":[{\"@type\":\"ListItem\",\"position\":1,\"name\":\"Inici\",\"item\":\"https:\/\/www.afne.org\/es\/\"},{\"@type\":\"ListItem\",\"position\":2,\"name\":\"Relato de viaje de retorno a Etiop\u00eda de las familias de Haile y Girum, dos et\u00edopes madrile\u00f1os de 12 a\u00f1os\"}]},{\"@type\":\"WebSite\",\"@id\":\"https:\/\/www.afne.org\/es\/#website\",\"url\":\"https:\/\/www.afne.org\/es\/\",\"name\":\"AFNE\",\"description\":\"Units a Eti\u00f2pia\",\"publisher\":{\"@id\":\"https:\/\/www.afne.org\/es\/#organization\"},\"potentialAction\":[{\"@type\":\"SearchAction\",\"target\":{\"@type\":\"EntryPoint\",\"urlTemplate\":\"https:\/\/www.afne.org\/es\/?s={search_term_string}\"},\"query-input\":{\"@type\":\"PropertyValueSpecification\",\"valueRequired\":true,\"valueName\":\"search_term_string\"}}],\"inLanguage\":\"es\"},{\"@type\":\"Organization\",\"@id\":\"https:\/\/www.afne.org\/es\/#organization\",\"name\":\"Associaci\u00f3 de Fam\u00edlies de Nens i Nenes d\u2019Eti\u00f2pia\",\"url\":\"https:\/\/www.afne.org\/es\/\",\"logo\":{\"@type\":\"ImageObject\",\"inLanguage\":\"es\",\"@id\":\"https:\/\/www.afne.org\/es\/#\/schema\/logo\/image\/\",\"url\":\"https:\/\/www.afne.org\/wp-content\/uploads\/2025\/07\/logotip-afne.png\",\"contentUrl\":\"https:\/\/www.afne.org\/wp-content\/uploads\/2025\/07\/logotip-afne.png\",\"width\":200,\"height\":48,\"caption\":\"Associaci\u00f3 de Fam\u00edlies de Nens i Nenes d\u2019Eti\u00f2pia\"},\"image\":{\"@id\":\"https:\/\/www.afne.org\/es\/#\/schema\/logo\/image\/\"},\"sameAs\":[\"https:\/\/www.facebook.com\/afne.org\",\"https:\/\/www.instagram.com\/afne_etiopia\/\",\"https:\/\/www.youtube.com\/channel\/UCh-2Vrtq80T4SbmHu0u1Beg\",\"https:\/\/api.whatsapp.com\/message\/M2WZK3UT5QBFH1?autoload=1&app_absent=0\"]},{\"@type\":\"Person\",\"@id\":\"https:\/\/www.afne.org\/es\/#\/schema\/person\/e2b1819ab1075ef10bbab085245274a6\",\"name\":\"Maria\",\"image\":{\"@type\":\"ImageObject\",\"inLanguage\":\"es\",\"@id\":\"https:\/\/www.afne.org\/es\/#\/schema\/person\/image\/\",\"url\":\"https:\/\/secure.gravatar.com\/avatar\/f2fe719204648ce61585bd99cd483488f59a44cf04b371ed78c3488d747d71de?s=96&d=mm&r=g\",\"contentUrl\":\"https:\/\/secure.gravatar.com\/avatar\/f2fe719204648ce61585bd99cd483488f59a44cf04b371ed78c3488d747d71de?s=96&d=mm&r=g\",\"caption\":\"Maria\"}}]}<\/script>\n<!-- \/ Yoast SEO plugin. -->","yoast_head_json":{"title":"Relato de viaje de retorno a Etiop\u00eda de las familias de Haile y Girum, dos et\u00edopes madrile\u00f1os de 12 a\u00f1os - AFNE","robots":{"index":"index","follow":"follow","max-snippet":"max-snippet:-1","max-image-preview":"max-image-preview:large","max-video-preview":"max-video-preview:-1"},"canonical":"https:\/\/www.afne.org\/es\/2017\/09\/relat-del-viatge-de-retorn-a-etiopia-de-les-families-den-haile-i-en-girum-dos-etiops-madrilenys-de-12-anys\/","og_locale":"es_ES","og_type":"article","og_title":"Relato de viaje de retorno a Etiop\u00eda de las familias de Haile y Girum, dos et\u00edopes madrile\u00f1os de 12 a\u00f1os - AFNE","og_description":"Empezamos un nuevo curso compartiendo el relato que nos han hecho llegar las familias de Haile y Girum, dos et\u00edopes de Madrid, que este verano realizaron el viaje de retorno a Etiop\u00eda. \u00a1Una lectura muy recomendable! Nuestro viaje a Etiop\u00eda\u00a0&#8211; Girum y Haile Este viaje comenz\u00f3 hace unos a\u00f1os cuando nuestros hijos empezaron a preguntarse [&hellip;]","og_url":"https:\/\/www.afne.org\/es\/2017\/09\/relat-del-viatge-de-retorn-a-etiopia-de-les-families-den-haile-i-en-girum-dos-etiops-madrilenys-de-12-anys\/","og_site_name":"AFNE","article_publisher":"https:\/\/www.facebook.com\/afne.org","article_published_time":"2017-09-15T08:41:01+00:00","article_modified_time":"2025-09-10T09:39:16+00:00","og_image":[{"width":1024,"height":532,"url":"https:\/\/www.afne.org\/wp-content\/uploads\/2025\/09\/viatge-etiopia-1.jpg","type":"image\/jpeg"}],"author":"Maria","twitter_card":"summary_large_image","twitter_misc":{"Escrito por":"Maria","Tiempo de lectura":"4 minutos"},"schema":{"@context":"https:\/\/schema.org","@graph":[{"@type":"Article","@id":"https:\/\/www.afne.org\/es\/2017\/09\/relat-del-viatge-de-retorn-a-etiopia-de-les-families-den-haile-i-en-girum-dos-etiops-madrilenys-de-12-anys\/#article","isPartOf":{"@id":"https:\/\/www.afne.org\/es\/2017\/09\/relat-del-viatge-de-retorn-a-etiopia-de-les-families-den-haile-i-en-girum-dos-etiops-madrilenys-de-12-anys\/"},"author":{"name":"Maria","@id":"https:\/\/www.afne.org\/es\/#\/schema\/person\/e2b1819ab1075ef10bbab085245274a6"},"headline":"Relato de viaje de retorno a Etiop\u00eda de las familias de Haile y Girum, dos et\u00edopes madrile\u00f1os de 12 a\u00f1os","datePublished":"2017-09-15T08:41:01+00:00","dateModified":"2025-09-10T09:39:16+00:00","mainEntityOfPage":{"@id":"https:\/\/www.afne.org\/es\/2017\/09\/relat-del-viatge-de-retorn-a-etiopia-de-les-families-den-haile-i-en-girum-dos-etiops-madrilenys-de-12-anys\/"},"wordCount":727,"commentCount":0,"publisher":{"@id":"https:\/\/www.afne.org\/es\/#organization"},"image":{"@id":"https:\/\/www.afne.org\/es\/2017\/09\/relat-del-viatge-de-retorn-a-etiopia-de-les-families-den-haile-i-en-girum-dos-etiops-madrilenys-de-12-anys\/#primaryimage"},"thumbnailUrl":"https:\/\/www.afne.org\/wp-content\/uploads\/2025\/09\/viatge-etiopia-1.jpg","articleSection":["Art\u00edculos","Viatge de retorn"],"inLanguage":"es","potentialAction":[{"@type":"CommentAction","name":"Comment","target":["https:\/\/www.afne.org\/es\/2017\/09\/relat-del-viatge-de-retorn-a-etiopia-de-les-families-den-haile-i-en-girum-dos-etiops-madrilenys-de-12-anys\/#respond"]}]},{"@type":"WebPage","@id":"https:\/\/www.afne.org\/es\/2017\/09\/relat-del-viatge-de-retorn-a-etiopia-de-les-families-den-haile-i-en-girum-dos-etiops-madrilenys-de-12-anys\/","url":"https:\/\/www.afne.org\/es\/2017\/09\/relat-del-viatge-de-retorn-a-etiopia-de-les-families-den-haile-i-en-girum-dos-etiops-madrilenys-de-12-anys\/","name":"Relato de viaje de retorno a Etiop\u00eda de las familias de Haile y Girum, dos et\u00edopes madrile\u00f1os de 12 a\u00f1os - AFNE","isPartOf":{"@id":"https:\/\/www.afne.org\/es\/#website"},"primaryImageOfPage":{"@id":"https:\/\/www.afne.org\/es\/2017\/09\/relat-del-viatge-de-retorn-a-etiopia-de-les-families-den-haile-i-en-girum-dos-etiops-madrilenys-de-12-anys\/#primaryimage"},"image":{"@id":"https:\/\/www.afne.org\/es\/2017\/09\/relat-del-viatge-de-retorn-a-etiopia-de-les-families-den-haile-i-en-girum-dos-etiops-madrilenys-de-12-anys\/#primaryimage"},"thumbnailUrl":"https:\/\/www.afne.org\/wp-content\/uploads\/2025\/09\/viatge-etiopia-1.jpg","datePublished":"2017-09-15T08:41:01+00:00","dateModified":"2025-09-10T09:39:16+00:00","breadcrumb":{"@id":"https:\/\/www.afne.org\/es\/2017\/09\/relat-del-viatge-de-retorn-a-etiopia-de-les-families-den-haile-i-en-girum-dos-etiops-madrilenys-de-12-anys\/#breadcrumb"},"inLanguage":"es","potentialAction":[{"@type":"ReadAction","target":["https:\/\/www.afne.org\/es\/2017\/09\/relat-del-viatge-de-retorn-a-etiopia-de-les-families-den-haile-i-en-girum-dos-etiops-madrilenys-de-12-anys\/"]}]},{"@type":"ImageObject","inLanguage":"es","@id":"https:\/\/www.afne.org\/es\/2017\/09\/relat-del-viatge-de-retorn-a-etiopia-de-les-families-den-haile-i-en-girum-dos-etiops-madrilenys-de-12-anys\/#primaryimage","url":"https:\/\/www.afne.org\/wp-content\/uploads\/2025\/09\/viatge-etiopia-1.jpg","contentUrl":"https:\/\/www.afne.org\/wp-content\/uploads\/2025\/09\/viatge-etiopia-1.jpg","width":1024,"height":532},{"@type":"BreadcrumbList","@id":"https:\/\/www.afne.org\/es\/2017\/09\/relat-del-viatge-de-retorn-a-etiopia-de-les-families-den-haile-i-en-girum-dos-etiops-madrilenys-de-12-anys\/#breadcrumb","itemListElement":[{"@type":"ListItem","position":1,"name":"Inici","item":"https:\/\/www.afne.org\/es\/"},{"@type":"ListItem","position":2,"name":"Relato de viaje de retorno a Etiop\u00eda de las familias de Haile y Girum, dos et\u00edopes madrile\u00f1os de 12 a\u00f1os"}]},{"@type":"WebSite","@id":"https:\/\/www.afne.org\/es\/#website","url":"https:\/\/www.afne.org\/es\/","name":"AFNE","description":"Units a Eti\u00f2pia","publisher":{"@id":"https:\/\/www.afne.org\/es\/#organization"},"potentialAction":[{"@type":"SearchAction","target":{"@type":"EntryPoint","urlTemplate":"https:\/\/www.afne.org\/es\/?s={search_term_string}"},"query-input":{"@type":"PropertyValueSpecification","valueRequired":true,"valueName":"search_term_string"}}],"inLanguage":"es"},{"@type":"Organization","@id":"https:\/\/www.afne.org\/es\/#organization","name":"Associaci\u00f3 de Fam\u00edlies de Nens i Nenes d\u2019Eti\u00f2pia","url":"https:\/\/www.afne.org\/es\/","logo":{"@type":"ImageObject","inLanguage":"es","@id":"https:\/\/www.afne.org\/es\/#\/schema\/logo\/image\/","url":"https:\/\/www.afne.org\/wp-content\/uploads\/2025\/07\/logotip-afne.png","contentUrl":"https:\/\/www.afne.org\/wp-content\/uploads\/2025\/07\/logotip-afne.png","width":200,"height":48,"caption":"Associaci\u00f3 de Fam\u00edlies de Nens i Nenes d\u2019Eti\u00f2pia"},"image":{"@id":"https:\/\/www.afne.org\/es\/#\/schema\/logo\/image\/"},"sameAs":["https:\/\/www.facebook.com\/afne.org","https:\/\/www.instagram.com\/afne_etiopia\/","https:\/\/www.youtube.com\/channel\/UCh-2Vrtq80T4SbmHu0u1Beg","https:\/\/api.whatsapp.com\/message\/M2WZK3UT5QBFH1?autoload=1&app_absent=0"]},{"@type":"Person","@id":"https:\/\/www.afne.org\/es\/#\/schema\/person\/e2b1819ab1075ef10bbab085245274a6","name":"Maria","image":{"@type":"ImageObject","inLanguage":"es","@id":"https:\/\/www.afne.org\/es\/#\/schema\/person\/image\/","url":"https:\/\/secure.gravatar.com\/avatar\/f2fe719204648ce61585bd99cd483488f59a44cf04b371ed78c3488d747d71de?s=96&d=mm&r=g","contentUrl":"https:\/\/secure.gravatar.com\/avatar\/f2fe719204648ce61585bd99cd483488f59a44cf04b371ed78c3488d747d71de?s=96&d=mm&r=g","caption":"Maria"}}]}},"_links":{"self":[{"href":"https:\/\/www.afne.org\/es\/wp-json\/wp\/v2\/posts\/22893","targetHints":{"allow":["GET"]}}],"collection":[{"href":"https:\/\/www.afne.org\/es\/wp-json\/wp\/v2\/posts"}],"about":[{"href":"https:\/\/www.afne.org\/es\/wp-json\/wp\/v2\/types\/post"}],"author":[{"embeddable":true,"href":"https:\/\/www.afne.org\/es\/wp-json\/wp\/v2\/users\/2"}],"replies":[{"embeddable":true,"href":"https:\/\/www.afne.org\/es\/wp-json\/wp\/v2\/comments?post=22893"}],"version-history":[{"count":1,"href":"https:\/\/www.afne.org\/es\/wp-json\/wp\/v2\/posts\/22893\/revisions"}],"predecessor-version":[{"id":22894,"href":"https:\/\/www.afne.org\/es\/wp-json\/wp\/v2\/posts\/22893\/revisions\/22894"}],"wp:featuredmedia":[{"embeddable":true,"href":"https:\/\/www.afne.org\/es\/wp-json\/wp\/v2\/media\/17299"}],"wp:attachment":[{"href":"https:\/\/www.afne.org\/es\/wp-json\/wp\/v2\/media?parent=22893"}],"wp:term":[{"taxonomy":"category","embeddable":true,"href":"https:\/\/www.afne.org\/es\/wp-json\/wp\/v2\/categories?post=22893"},{"taxonomy":"post_tag","embeddable":true,"href":"https:\/\/www.afne.org\/es\/wp-json\/wp\/v2\/tags?post=22893"}],"curies":[{"name":"wp","href":"https:\/\/api.w.org\/{rel}","templated":true}]}}